{"id":1470,"date":"2021-09-30T20:16:40","date_gmt":"2021-09-30T18:16:40","guid":{"rendered":"http:\/\/margaritapopolnocy.pl\/?p=1470"},"modified":"2024-03-26T18:38:17","modified_gmt":"2024-03-26T17:38:17","slug":"jablka-na-mokrej-trawie","status":"publish","type":"post","link":"https:\/\/margaritapopolnocy.pl\/index.php\/2021\/09\/30\/jablka-na-mokrej-trawie\/","title":{"rendered":"Jab\u0142ka na mokrej trawie"},"content":{"rendered":"\n<p style=\"font-size:17px\">Wedle zapisu w moim dzienniku dnia dwudziestego si\u00f3dmego lipca bie\u017c\u0105cego roku, prawdopodobnie oko\u0142o godziny szesnastej zero pi\u0119\u0107, przechodzi\u0142am znanym mi skr\u00f3tem \u2013 \u015bcie\u017ck\u0105 wydeptan\u0105 mi\u0119dzy dwoma drzewami. Jedno z drzew to jab\u0142o\u0144. Cz\u0119\u015b\u0107 z jej owoc\u00f3w tego dnia ju\u017c spad\u0142a na traw\u0119, pewnie pod wp\u0142ywem deszczu i mocnego wiatru, jak to w lipcu bywa. Te spady owoc\u00f3w na wilgotnej trawie wydzielaj\u0105 charakterystyczny kwaskowaty zapach zapowiadaj\u0105cy ich rych\u0142\u0105 fermentacj\u0119. Aromat by\u0107 mo\u017ce nie do ko\u0144ca przyjemny, a ju\u017c na pewno nie w po\u0142\u0105czeniu z romantycznym widokiem le\u017c\u0105cych nieopodal \u015bmieci, ale\u2026 zapach ten przywo\u0142a\u0142 wspomnienie pobyt\u00f3w na wsi w dzieci\u0144stwie. <\/p>\n\n\n\n<p style=\"font-size:17px\">Tam spady jab\u0142kowe le\u017ca\u0142y na \u015bcie\u017cce prowadz\u0105cej od jednego domu do drugiego. Jako, \u017ce dzieci o wiele cz\u0119\u015bciej ni\u017c doro\u015bli oddaj\u0105 si\u0119 tak szalonej czynno\u015bci jak bieganie, to i ja po tej dr\u00f3\u017cce cz\u0119sto przemyka\u0142am. Wakacje na wsi sp\u0119dza\u0142am zwykle w lipcu, wi\u0119c najbardziej deszczowym miesi\u0105cu. A i \u015bcie\u017cki tej krople wody nie omija\u0142. Bieganie po mokrych kamieniach w\u015br\u00f3d jab\u0142ek pewnego deszczowego popo\u0142udnia (by\u0107 mo\u017ce r\u00f3wnie\u017c oko\u0142o godziny szesnastej zero pi\u0119\u0107) zako\u0144czy\u0142o si\u0119 do\u015b\u0107 przewidywalnie \u2013 czyli na ziemi, z obt\u0142uczon\u0105 r\u0119k\u0105, w pozycji le\u017c\u0105cej na wznak w\u015br\u00f3d kwa\u015bnych zielonych owoc\u00f3w. Mia\u0142am wi\u0119c d\u0142u\u017csz\u0105 chwil\u0119, by nacieszy\u0107 si\u0119 zapachem jab\u0142ek i doskonale go zapami\u0119ta\u0107.<\/p>\n\n\n\n<p style=\"font-size:17px\">Jednak\nkolekcja zapach\u00f3w z tego pami\u0119tnego popo\u0142udnia nie zamkn\u0119\u0142a si\u0119 na tym jednym.\nSprawdzonym rodzinnym sposobem na wszelkie st\u0142uczenia i siniaki mia\u0142 okaza\u0107 si\u0119\nok\u0142ad z zimnej ma\u015blanki. Szybko wi\u0119c t\u0105 ma\u015blank\u0105 zosta\u0142am hojnie ob\u0142o\u017cona,\nnawet na niebol\u0105ce miejsca. Pozostajemy wi\u0119c w klimacie fermentacji, tym ju\u017c tej\nmlekowej. Do tych wra\u017ce\u0144 doszed\u0142 jeszcze jeden specyficzny zapach \u2013 klarowanego\ndomowego mas\u0142a. Bo i w rodzinach na wsi bywa tak, \u017ce pewne produkty wytwarzane\ns\u0105 w danym okresie w ka\u017cdym domu, w ilo\u015bciach hurtowych. Lipiec okaza\u0142 si\u0119 sezonem\nna mas\u0142o klarowane, kt\u00f3re mo\u017cna by\u0142o odnale\u017a\u0107 w lod\u00f3wce ka\u017cdej cioci. Ten hit\nlata jednak wyj\u0105tkowo mi nie posmakowa\u0142, a jego zapach mnie odrzuca\u0142 i do\u0142\u0105czy\u0142\ndo kolekcji dzieci\u0119cych traum \u017cywno\u015bciowych, plasuj\u0105c si\u0119 gdzie\u015b pomi\u0119dzy\nko\u017cuchem na mleku a kasz\u0105 gryczan\u0105. <\/p>\n\n\n\n<p style=\"font-size:17px\">Co\nprawda wiele lat p\u00f3\u017aniej zapachu mas\u0142a na miejskiej \u015bcie\u017cce pod jab\u0142oni\u0105 teoretycznie\nju\u017c nie by\u0142o, jednak ja od razu go poczu\u0142am, jakby od zawsze wyst\u0119powa\u0142 w\nnierozerwalnej parze z pierwszymi jab\u0142kami. Do tego doszed\u0142 jeszcze zapach\ndeszczu i trawy, wzmacniaj\u0105cy dwa wcze\u015bniejsze.<\/p>\n\n\n\n<p style=\"font-size:17px\">Tamtego dnia w dzieci\u0144stwie na wsi fermentacja dopad\u0142a mnie dwukrotnie \u2013 najpierw przy le\u017c\u0105cych wraz ze mn\u0105 owocach, nast\u0119pnie pod postaci\u0105 mlecznego ok\u0142adu. To prawie jak pierwsze zetkni\u0119cie si\u0119 z alkoholem \u2013 wszak skutki w postaci st\u0142uczonej r\u0119ki wydaj\u0105 si\u0119 by\u0107 odpowiednie do sytuacji. Dzisiaj, w nawi\u0105zaniu do tych wspomnie\u0144 skorzystam z ni\u017cej zamieszczonego przepisu i napij\u0119 si\u0119 grzanego cydru. Licz\u0105c na to, \u017ce tym razem nie sko\u0144cz\u0119 ju\u017c pod jab\u0142onk\u0105.<\/p>\n\n\n\n<hr class=\"wp-block-separator\"\/>\n\n\n\n<p><strong>Grzany cydr jab\u0142kowy<\/strong><\/p>\n\n\n\n<ul class=\"wp-block-list\"><li>300 ml cydru jab\u0142kowego<\/li><li>1 \u0142y\u017cka miodu<\/li><li>laska cynamonu<\/li><li>2-3 go\u017adziki<\/li><li>plaster pomara\u0144czy<\/li><\/ul>\n\n\n\n<p>\n\nCydr przela\u0107 do niewielkiego garnka. Doda\u0107 przyprawy, podgrzewa\u0107 na ma\u0142ym ogniu. Przela\u0107 do kubka lub szklanki, doda\u0107 mi\u00f3d i plaster pomara\u0144czy. Najlepiej smakuje jesieni\u0105 pod kocykiem, z deszczem za oknem.\n\n<\/p>\n\n\n\n<hr class=\"wp-block-separator\"\/>\n\n\n\n<p>Inne jab\u0142kowe wpisy:<\/p>\n\n\n\n<p><a href=\"https:\/\/margaritapopolnocy.pl\/index.php\/2021\/02\/04\/niesmaczne-postaci-filmowe-hans-landa-i-strudel-jablkowy\/\">Niesmaczne postaci filmowe: Hans Landa i strudel jab\u0142kowy<\/a><\/p>\n\n\n\n<p><a href=\"https:\/\/margaritapopolnocy.pl\/index.php\/2020\/04\/19\/sentymentalne-racuchy\/\">Sentymentalne racuchy<\/a><\/p>\n\n\n\n<p><a href=\"https:\/\/margaritapopolnocy.pl\/index.php\/2020\/02\/06\/szarlotka-z-kradzionych-jablek\/\">Szarlotka z kradzionych jab\u0142ek<\/a><\/p>\n","protected":false},"excerpt":{"rendered":"<p>Wedle zapisu w moim dzienniku dnia dwudziestego si\u00f3dmego lipca bie\u017c\u0105cego roku, prawdopodobnie oko\u0142o godziny szesnastej zero pi\u0119\u0107, przechodzi\u0142am znanym mi skr\u00f3tem \u2013 \u015bcie\u017ck\u0105 wydeptan\u0105 mi\u0119dzy dwoma drzewami. Jedno z drzew to jab\u0142o\u0144. Cz\u0119\u015b\u0107 z jej owoc\u00f3w tego dnia ju\u017c spad\u0142a na traw\u0119, pewnie pod wp\u0142ywem deszczu i mocnego wiatru, jak to w lipcu bywa. Te spady owoc\u00f3w na wilgotnej trawie<\/p>\n","protected":false},"author":1,"featured_media":1648,"comment_status":"open","ping_status":"open","sticky":false,"template":"","format":"standard","meta":{"_editorskit_title_hidden":false,"_editorskit_reading_time":0,"_editorskit_is_block_options_detached":false,"_editorskit_block_options_position":"{}","footnotes":""},"categories":[13,14,165,6],"tags":[162],"class_list":["post-1470","post","type-post","status-publish","format-standard","has-post-thumbnail","hentry","category-przepisy","category-rozwazania","category-smaki-dziecinstwa","category-w-kuchni","tag-jablka"],"yoast_head":"<!-- This site is optimized with the Yoast SEO plugin v27.5 - https:\/\/yoast.com\/product\/yoast-seo-wordpress\/ -->\n<title>Jab\u0142ka na mokrej trawie - Margarita po p\u00f3\u0142nocy<\/title>\n<meta name=\"robots\" content=\"index, follow, max-snippet:-1, max-image-preview:large, max-video-preview:-1\" \/>\n<link rel=\"canonical\" href=\"https:\/\/margaritapopolnocy.pl\/index.php\/2021\/09\/30\/jablka-na-mokrej-trawie\/\" \/>\n<meta property=\"og:locale\" content=\"pl_PL\" \/>\n<meta property=\"og:type\" content=\"article\" \/>\n<meta property=\"og:title\" content=\"Jab\u0142ka na mokrej trawie - Margarita po p\u00f3\u0142nocy\" \/>\n<meta property=\"og:description\" content=\"Wedle zapisu w moim dzienniku dnia dwudziestego si\u00f3dmego lipca bie\u017c\u0105cego roku, prawdopodobnie oko\u0142o godziny szesnastej zero pi\u0119\u0107, przechodzi\u0142am znanym mi skr\u00f3tem \u2013 \u015bcie\u017ck\u0105 wydeptan\u0105 mi\u0119dzy dwoma drzewami. Jedno z drzew to jab\u0142o\u0144. Cz\u0119\u015b\u0107 z jej owoc\u00f3w tego dnia ju\u017c spad\u0142a na traw\u0119, pewnie pod wp\u0142ywem deszczu i mocnego wiatru, jak to w lipcu bywa. Te spady owoc\u00f3w na wilgotnej trawie\" \/>\n<meta property=\"og:url\" content=\"https:\/\/margaritapopolnocy.pl\/index.php\/2021\/09\/30\/jablka-na-mokrej-trawie\/\" \/>\n<meta property=\"og:site_name\" content=\"Margarita po p\u00f3\u0142nocy\" \/>\n<meta property=\"article:publisher\" content=\"https:\/\/www.facebook.com\/margaritapopolnocy\" \/>\n<meta property=\"article:author\" content=\"https:\/\/www.facebook.com\/margaritapopolnocy\" \/>\n<meta property=\"article:published_time\" content=\"2021-09-30T18:16:40+00:00\" \/>\n<meta property=\"article:modified_time\" content=\"2024-03-26T17:38:17+00:00\" \/>\n<meta property=\"og:image\" content=\"https:\/\/margaritapopolnocy.pl\/wp-content\/uploads\/2021\/09\/72839149_732427390515020_7965492049908596736_n-Copy.jpg\" \/>\n\t<meta property=\"og:image:width\" content=\"3276\" \/>\n\t<meta property=\"og:image:height\" content=\"2179\" \/>\n\t<meta property=\"og:image:type\" content=\"image\/jpeg\" \/>\n<meta name=\"author\" content=\"Margarita\" \/>\n<meta name=\"twitter:card\" content=\"summary_large_image\" \/>\n<meta name=\"twitter:label1\" content=\"Napisane przez\" \/>\n\t<meta name=\"twitter:data1\" content=\"Margarita\" \/>\n\t<meta name=\"twitter:label2\" content=\"Szacowany czas czytania\" \/>\n\t<meta name=\"twitter:data2\" content=\"3 minuty\" \/>\n<script type=\"application\/ld+json\" class=\"yoast-schema-graph\">{\"@context\":\"https:\\\/\\\/schema.org\",\"@graph\":[{\"@type\":\"Article\",\"@id\":\"https:\\\/\\\/margaritapopolnocy.pl\\\/index.php\\\/2021\\\/09\\\/30\\\/jablka-na-mokrej-trawie\\\/#article\",\"isPartOf\":{\"@id\":\"https:\\\/\\\/margaritapopolnocy.pl\\\/index.php\\\/2021\\\/09\\\/30\\\/jablka-na-mokrej-trawie\\\/\"},\"author\":{\"name\":\"Margarita\",\"@id\":\"https:\\\/\\\/margaritapopolnocy.pl\\\/#\\\/schema\\\/person\\\/cd1ad7c3caf5ee645d85f5758c7bf136\"},\"headline\":\"Jab\u0142ka na mokrej trawie\",\"datePublished\":\"2021-09-30T18:16:40+00:00\",\"dateModified\":\"2024-03-26T17:38:17+00:00\",\"mainEntityOfPage\":{\"@id\":\"https:\\\/\\\/margaritapopolnocy.pl\\\/index.php\\\/2021\\\/09\\\/30\\\/jablka-na-mokrej-trawie\\\/\"},\"wordCount\":627,\"commentCount\":0,\"publisher\":{\"@id\":\"https:\\\/\\\/margaritapopolnocy.pl\\\/#\\\/schema\\\/person\\\/cd1ad7c3caf5ee645d85f5758c7bf136\"},\"image\":{\"@id\":\"https:\\\/\\\/margaritapopolnocy.pl\\\/index.php\\\/2021\\\/09\\\/30\\\/jablka-na-mokrej-trawie\\\/#primaryimage\"},\"thumbnailUrl\":\"https:\\\/\\\/margaritapopolnocy.pl\\\/wp-content\\\/uploads\\\/2021\\\/09\\\/72839149_732427390515020_7965492049908596736_n-Copy.jpg\",\"keywords\":[\"jab\u0142ka\"],\"articleSection\":[\"Przepisy\",\"Rozwa\u017cania\",\"Smaki dzieci\u0144stwa\",\"W kuchni\"],\"inLanguage\":\"pl-PL\",\"potentialAction\":[{\"@type\":\"CommentAction\",\"name\":\"Comment\",\"target\":[\"https:\\\/\\\/margaritapopolnocy.pl\\\/index.php\\\/2021\\\/09\\\/30\\\/jablka-na-mokrej-trawie\\\/#respond\"]}]},{\"@type\":\"WebPage\",\"@id\":\"https:\\\/\\\/margaritapopolnocy.pl\\\/index.php\\\/2021\\\/09\\\/30\\\/jablka-na-mokrej-trawie\\\/\",\"url\":\"https:\\\/\\\/margaritapopolnocy.pl\\\/index.php\\\/2021\\\/09\\\/30\\\/jablka-na-mokrej-trawie\\\/\",\"name\":\"Jab\u0142ka na mokrej trawie - Margarita po p\u00f3\u0142nocy\",\"isPartOf\":{\"@id\":\"https:\\\/\\\/margaritapopolnocy.pl\\\/#website\"},\"primaryImageOfPage\":{\"@id\":\"https:\\\/\\\/margaritapopolnocy.pl\\\/index.php\\\/2021\\\/09\\\/30\\\/jablka-na-mokrej-trawie\\\/#primaryimage\"},\"image\":{\"@id\":\"https:\\\/\\\/margaritapopolnocy.pl\\\/index.php\\\/2021\\\/09\\\/30\\\/jablka-na-mokrej-trawie\\\/#primaryimage\"},\"thumbnailUrl\":\"https:\\\/\\\/margaritapopolnocy.pl\\\/wp-content\\\/uploads\\\/2021\\\/09\\\/72839149_732427390515020_7965492049908596736_n-Copy.jpg\",\"datePublished\":\"2021-09-30T18:16:40+00:00\",\"dateModified\":\"2024-03-26T17:38:17+00:00\",\"breadcrumb\":{\"@id\":\"https:\\\/\\\/margaritapopolnocy.pl\\\/index.php\\\/2021\\\/09\\\/30\\\/jablka-na-mokrej-trawie\\\/#breadcrumb\"},\"inLanguage\":\"pl-PL\",\"potentialAction\":[{\"@type\":\"ReadAction\",\"target\":[\"https:\\\/\\\/margaritapopolnocy.pl\\\/index.php\\\/2021\\\/09\\\/30\\\/jablka-na-mokrej-trawie\\\/\"]}]},{\"@type\":\"ImageObject\",\"inLanguage\":\"pl-PL\",\"@id\":\"https:\\\/\\\/margaritapopolnocy.pl\\\/index.php\\\/2021\\\/09\\\/30\\\/jablka-na-mokrej-trawie\\\/#primaryimage\",\"url\":\"https:\\\/\\\/margaritapopolnocy.pl\\\/wp-content\\\/uploads\\\/2021\\\/09\\\/72839149_732427390515020_7965492049908596736_n-Copy.jpg\",\"contentUrl\":\"https:\\\/\\\/margaritapopolnocy.pl\\\/wp-content\\\/uploads\\\/2021\\\/09\\\/72839149_732427390515020_7965492049908596736_n-Copy.jpg\",\"width\":3276,\"height\":2179},{\"@type\":\"BreadcrumbList\",\"@id\":\"https:\\\/\\\/margaritapopolnocy.pl\\\/index.php\\\/2021\\\/09\\\/30\\\/jablka-na-mokrej-trawie\\\/#breadcrumb\",\"itemListElement\":[{\"@type\":\"ListItem\",\"position\":1,\"name\":\"Strona g\u0142\u00f3wna\",\"item\":\"https:\\\/\\\/margaritapopolnocy.pl\\\/\"},{\"@type\":\"ListItem\",\"position\":2,\"name\":\"Jab\u0142ka na mokrej trawie\"}]},{\"@type\":\"WebSite\",\"@id\":\"https:\\\/\\\/margaritapopolnocy.pl\\\/#website\",\"url\":\"https:\\\/\\\/margaritapopolnocy.pl\\\/\",\"name\":\"Margarita po p\u00f3\u0142nocy\",\"description\":\"Jedzenie w kulturze i kultura w jedzeniu\",\"publisher\":{\"@id\":\"https:\\\/\\\/margaritapopolnocy.pl\\\/#\\\/schema\\\/person\\\/cd1ad7c3caf5ee645d85f5758c7bf136\"},\"potentialAction\":[{\"@type\":\"SearchAction\",\"target\":{\"@type\":\"EntryPoint\",\"urlTemplate\":\"https:\\\/\\\/margaritapopolnocy.pl\\\/?s={search_term_string}\"},\"query-input\":{\"@type\":\"PropertyValueSpecification\",\"valueRequired\":true,\"valueName\":\"search_term_string\"}}],\"inLanguage\":\"pl-PL\"},{\"@type\":[\"Person\",\"Organization\"],\"@id\":\"https:\\\/\\\/margaritapopolnocy.pl\\\/#\\\/schema\\\/person\\\/cd1ad7c3caf5ee645d85f5758c7bf136\",\"name\":\"Margarita\",\"image\":{\"@type\":\"ImageObject\",\"inLanguage\":\"pl-PL\",\"@id\":\"https:\\\/\\\/margaritapopolnocy.pl\\\/wp-content\\\/uploads\\\/2020\\\/09\\\/cropped-naglowek7-4.png\",\"url\":\"https:\\\/\\\/margaritapopolnocy.pl\\\/wp-content\\\/uploads\\\/2020\\\/09\\\/cropped-naglowek7-4.png\",\"contentUrl\":\"https:\\\/\\\/margaritapopolnocy.pl\\\/wp-content\\\/uploads\\\/2020\\\/09\\\/cropped-naglowek7-4.png\",\"width\":668,\"height\":403,\"caption\":\"Margarita\"},\"logo\":{\"@id\":\"https:\\\/\\\/margaritapopolnocy.pl\\\/wp-content\\\/uploads\\\/2020\\\/09\\\/cropped-naglowek7-4.png\"},\"sameAs\":[\"https:\\\/\\\/margaritapopolnocy.pl\\\/\",\"https:\\\/\\\/www.facebook.com\\\/margaritapopolnocy\",\"https:\\\/\\\/www.instagram.com\\\/margarita_popolnocy\\\/\"],\"url\":\"https:\\\/\\\/margaritapopolnocy.pl\\\/index.php\\\/author\\\/admin3011\\\/\"}]}<\/script>\n<!-- \/ Yoast SEO plugin. -->","yoast_head_json":{"title":"Jab\u0142ka na mokrej trawie - Margarita po p\u00f3\u0142nocy","robots":{"index":"index","follow":"follow","max-snippet":"max-snippet:-1","max-image-preview":"max-image-preview:large","max-video-preview":"max-video-preview:-1"},"canonical":"https:\/\/margaritapopolnocy.pl\/index.php\/2021\/09\/30\/jablka-na-mokrej-trawie\/","og_locale":"pl_PL","og_type":"article","og_title":"Jab\u0142ka na mokrej trawie - Margarita po p\u00f3\u0142nocy","og_description":"Wedle zapisu w moim dzienniku dnia dwudziestego si\u00f3dmego lipca bie\u017c\u0105cego roku, prawdopodobnie oko\u0142o godziny szesnastej zero pi\u0119\u0107, przechodzi\u0142am znanym mi skr\u00f3tem \u2013 \u015bcie\u017ck\u0105 wydeptan\u0105 mi\u0119dzy dwoma drzewami. Jedno z drzew to jab\u0142o\u0144. Cz\u0119\u015b\u0107 z jej owoc\u00f3w tego dnia ju\u017c spad\u0142a na traw\u0119, pewnie pod wp\u0142ywem deszczu i mocnego wiatru, jak to w lipcu bywa. Te spady owoc\u00f3w na wilgotnej trawie","og_url":"https:\/\/margaritapopolnocy.pl\/index.php\/2021\/09\/30\/jablka-na-mokrej-trawie\/","og_site_name":"Margarita po p\u00f3\u0142nocy","article_publisher":"https:\/\/www.facebook.com\/margaritapopolnocy","article_author":"https:\/\/www.facebook.com\/margaritapopolnocy","article_published_time":"2021-09-30T18:16:40+00:00","article_modified_time":"2024-03-26T17:38:17+00:00","og_image":[{"width":3276,"height":2179,"url":"https:\/\/margaritapopolnocy.pl\/wp-content\/uploads\/2021\/09\/72839149_732427390515020_7965492049908596736_n-Copy.jpg","type":"image\/jpeg"}],"author":"Margarita","twitter_card":"summary_large_image","twitter_misc":{"Napisane przez":"Margarita","Szacowany czas czytania":"3 minuty"},"schema":{"@context":"https:\/\/schema.org","@graph":[{"@type":"Article","@id":"https:\/\/margaritapopolnocy.pl\/index.php\/2021\/09\/30\/jablka-na-mokrej-trawie\/#article","isPartOf":{"@id":"https:\/\/margaritapopolnocy.pl\/index.php\/2021\/09\/30\/jablka-na-mokrej-trawie\/"},"author":{"name":"Margarita","@id":"https:\/\/margaritapopolnocy.pl\/#\/schema\/person\/cd1ad7c3caf5ee645d85f5758c7bf136"},"headline":"Jab\u0142ka na mokrej trawie","datePublished":"2021-09-30T18:16:40+00:00","dateModified":"2024-03-26T17:38:17+00:00","mainEntityOfPage":{"@id":"https:\/\/margaritapopolnocy.pl\/index.php\/2021\/09\/30\/jablka-na-mokrej-trawie\/"},"wordCount":627,"commentCount":0,"publisher":{"@id":"https:\/\/margaritapopolnocy.pl\/#\/schema\/person\/cd1ad7c3caf5ee645d85f5758c7bf136"},"image":{"@id":"https:\/\/margaritapopolnocy.pl\/index.php\/2021\/09\/30\/jablka-na-mokrej-trawie\/#primaryimage"},"thumbnailUrl":"https:\/\/margaritapopolnocy.pl\/wp-content\/uploads\/2021\/09\/72839149_732427390515020_7965492049908596736_n-Copy.jpg","keywords":["jab\u0142ka"],"articleSection":["Przepisy","Rozwa\u017cania","Smaki dzieci\u0144stwa","W kuchni"],"inLanguage":"pl-PL","potentialAction":[{"@type":"CommentAction","name":"Comment","target":["https:\/\/margaritapopolnocy.pl\/index.php\/2021\/09\/30\/jablka-na-mokrej-trawie\/#respond"]}]},{"@type":"WebPage","@id":"https:\/\/margaritapopolnocy.pl\/index.php\/2021\/09\/30\/jablka-na-mokrej-trawie\/","url":"https:\/\/margaritapopolnocy.pl\/index.php\/2021\/09\/30\/jablka-na-mokrej-trawie\/","name":"Jab\u0142ka na mokrej trawie - Margarita po p\u00f3\u0142nocy","isPartOf":{"@id":"https:\/\/margaritapopolnocy.pl\/#website"},"primaryImageOfPage":{"@id":"https:\/\/margaritapopolnocy.pl\/index.php\/2021\/09\/30\/jablka-na-mokrej-trawie\/#primaryimage"},"image":{"@id":"https:\/\/margaritapopolnocy.pl\/index.php\/2021\/09\/30\/jablka-na-mokrej-trawie\/#primaryimage"},"thumbnailUrl":"https:\/\/margaritapopolnocy.pl\/wp-content\/uploads\/2021\/09\/72839149_732427390515020_7965492049908596736_n-Copy.jpg","datePublished":"2021-09-30T18:16:40+00:00","dateModified":"2024-03-26T17:38:17+00:00","breadcrumb":{"@id":"https:\/\/margaritapopolnocy.pl\/index.php\/2021\/09\/30\/jablka-na-mokrej-trawie\/#breadcrumb"},"inLanguage":"pl-PL","potentialAction":[{"@type":"ReadAction","target":["https:\/\/margaritapopolnocy.pl\/index.php\/2021\/09\/30\/jablka-na-mokrej-trawie\/"]}]},{"@type":"ImageObject","inLanguage":"pl-PL","@id":"https:\/\/margaritapopolnocy.pl\/index.php\/2021\/09\/30\/jablka-na-mokrej-trawie\/#primaryimage","url":"https:\/\/margaritapopolnocy.pl\/wp-content\/uploads\/2021\/09\/72839149_732427390515020_7965492049908596736_n-Copy.jpg","contentUrl":"https:\/\/margaritapopolnocy.pl\/wp-content\/uploads\/2021\/09\/72839149_732427390515020_7965492049908596736_n-Copy.jpg","width":3276,"height":2179},{"@type":"BreadcrumbList","@id":"https:\/\/margaritapopolnocy.pl\/index.php\/2021\/09\/30\/jablka-na-mokrej-trawie\/#breadcrumb","itemListElement":[{"@type":"ListItem","position":1,"name":"Strona g\u0142\u00f3wna","item":"https:\/\/margaritapopolnocy.pl\/"},{"@type":"ListItem","position":2,"name":"Jab\u0142ka na mokrej trawie"}]},{"@type":"WebSite","@id":"https:\/\/margaritapopolnocy.pl\/#website","url":"https:\/\/margaritapopolnocy.pl\/","name":"Margarita po p\u00f3\u0142nocy","description":"Jedzenie w kulturze i kultura w jedzeniu","publisher":{"@id":"https:\/\/margaritapopolnocy.pl\/#\/schema\/person\/cd1ad7c3caf5ee645d85f5758c7bf136"},"potentialAction":[{"@type":"SearchAction","target":{"@type":"EntryPoint","urlTemplate":"https:\/\/margaritapopolnocy.pl\/?s={search_term_string}"},"query-input":{"@type":"PropertyValueSpecification","valueRequired":true,"valueName":"search_term_string"}}],"inLanguage":"pl-PL"},{"@type":["Person","Organization"],"@id":"https:\/\/margaritapopolnocy.pl\/#\/schema\/person\/cd1ad7c3caf5ee645d85f5758c7bf136","name":"Margarita","image":{"@type":"ImageObject","inLanguage":"pl-PL","@id":"https:\/\/margaritapopolnocy.pl\/wp-content\/uploads\/2020\/09\/cropped-naglowek7-4.png","url":"https:\/\/margaritapopolnocy.pl\/wp-content\/uploads\/2020\/09\/cropped-naglowek7-4.png","contentUrl":"https:\/\/margaritapopolnocy.pl\/wp-content\/uploads\/2020\/09\/cropped-naglowek7-4.png","width":668,"height":403,"caption":"Margarita"},"logo":{"@id":"https:\/\/margaritapopolnocy.pl\/wp-content\/uploads\/2020\/09\/cropped-naglowek7-4.png"},"sameAs":["https:\/\/margaritapopolnocy.pl\/","https:\/\/www.facebook.com\/margaritapopolnocy","https:\/\/www.instagram.com\/margarita_popolnocy\/"],"url":"https:\/\/margaritapopolnocy.pl\/index.php\/author\/admin3011\/"}]}},"_links":{"self":[{"href":"https:\/\/margaritapopolnocy.pl\/index.php\/wp-json\/wp\/v2\/posts\/1470","targetHints":{"allow":["GET"]}}],"collection":[{"href":"https:\/\/margaritapopolnocy.pl\/index.php\/wp-json\/wp\/v2\/posts"}],"about":[{"href":"https:\/\/margaritapopolnocy.pl\/index.php\/wp-json\/wp\/v2\/types\/post"}],"author":[{"embeddable":true,"href":"https:\/\/margaritapopolnocy.pl\/index.php\/wp-json\/wp\/v2\/users\/1"}],"replies":[{"embeddable":true,"href":"https:\/\/margaritapopolnocy.pl\/index.php\/wp-json\/wp\/v2\/comments?post=1470"}],"version-history":[{"count":21,"href":"https:\/\/margaritapopolnocy.pl\/index.php\/wp-json\/wp\/v2\/posts\/1470\/revisions"}],"predecessor-version":[{"id":1493,"href":"https:\/\/margaritapopolnocy.pl\/index.php\/wp-json\/wp\/v2\/posts\/1470\/revisions\/1493"}],"wp:featuredmedia":[{"embeddable":true,"href":"https:\/\/margaritapopolnocy.pl\/index.php\/wp-json\/wp\/v2\/media\/1648"}],"wp:attachment":[{"href":"https:\/\/margaritapopolnocy.pl\/index.php\/wp-json\/wp\/v2\/media?parent=1470"}],"wp:term":[{"taxonomy":"category","embeddable":true,"href":"https:\/\/margaritapopolnocy.pl\/index.php\/wp-json\/wp\/v2\/categories?post=1470"},{"taxonomy":"post_tag","embeddable":true,"href":"https:\/\/margaritapopolnocy.pl\/index.php\/wp-json\/wp\/v2\/tags?post=1470"}],"curies":[{"name":"wp","href":"https:\/\/api.w.org\/{rel}","templated":true}]}}