{"id":244,"date":"2016-02-12T17:58:00","date_gmt":"2016-02-12T16:58:00","guid":{"rendered":"http:\/\/margaritapopolnocy.pl\/index.php\/2016\/02\/12\/tartaletki-jablkowe-na-orzechowym-spodzie\/"},"modified":"2024-03-27T11:00:05","modified_gmt":"2024-03-27T10:00:05","slug":"tartaletki-jablkowe-na-orzechowym-spodzie","status":"publish","type":"post","link":"https:\/\/margaritapopolnocy.pl\/index.php\/2016\/02\/12\/tartaletki-jablkowe-na-orzechowym-spodzie\/","title":{"rendered":"Tartaletki jab\u0142kowe na orzechowym spodzie"},"content":{"rendered":"<div style=\"clear: both; text-align: justify;\">Po\u0142\u0105czenie jab\u0142ek, orzech\u00f3w w\u0142oskich i domowego miodu z mniszka lekarskiego. Przepis znajdziecie <a href=\"http:\/\/www.rekodzielo-art.pl\/2015\/04\/miod-majowy.html\" target=\"_blank\" rel=\"noopener\"><span style=\"color: #c27ba0;\">tutaj<\/span><\/a>, obowi\u0105zkowo do zrobienia w nast\u0119pnym sezonie! Mo\u017cna go zast\u0105pi\u0107 innym, jednak ja wybra\u0142am ten ze wzgl\u0119du na specyficzny aromat pasuj\u0105cy do ca\u0142o\u015bci. A poza tym, trzeba naruszy\u0107 niekt\u00f3re schowane g\u0142\u0119boko w szafce letnie zapasy \ud83d\ude42<\/div>\n<div style=\"clear: both; text-align: justify;\"><\/div>\n<p><!--more--><\/p>\n<div style=\"clear: both; text-align: justify;\">Ca\u0142a magia orzechowego spodu polega na zamienieniu cz\u0119\u015bci m\u0105ki zmielonymi orzechami. Tartaletki robi si\u0119 szybko i prosto, w sam raz do popo\u0142udniowej kawy. Jedyn\u0105 wymagaj\u0105c\u0105 cierpliwo\u015bci czynno\u015bci\u0105 jest uwolnienie orzech\u00f3w ze skorupek.. Chyba, \u017ce p\u00f3jdziemy na \u0142atwizn\u0119 i kupimy te od razu obrane \ud83d\ude42<\/div>\n<div style=\"clear: both; text-align: left;\"><\/div>\n<div><\/div>\n<div style=\"clear: both; text-align: center;\"><img decoding=\"async\" class=\"aligncenter\" title=\"Tartaletki jab\u0142kowe na orzechowym spodzie\" src=\"https:\/\/2.bp.blogspot.com\/-UOXmBXfJMgw\/Vr36GKAZ30I\/AAAAAAAABNI\/pMShyX6AWlI\/s1600\/4.jpg\" alt=\"\" border=\"0\" \/><\/div>\n<div style=\"clear: both; text-align: center;\"><\/div>\n<div><\/div>\n<div style=\"clear: both; text-align: left;\"><b><span style=\"color: #c27ba0;\">S<span style=\"font-family: 'trebuchet ms' , 'trebuchet' , 'verdana' , sans-serif;\">k\u0142adniki<\/span>:<\/span><\/b><\/div>\n<div style=\"clear: both; text-align: left;\"><i><span style=\"color: #c27ba0;\"><b>15\u00a0tartaletek<\/b><\/span><\/i><\/div>\n<div style=\"background-color: white; font-family: 'trebuchet ms','trebuchet','verdana',sans-serif; font-size: 15.4px; line-height: 21.56px; text-align: left;\"><span style=\"color: #c27ba0;\"><b>Ciasto:<\/b><\/span><\/div>\n<div style=\"background-color: white; font-family: 'trebuchet ms','trebuchet','verdana',sans-serif; font-size: 15.4px; line-height: 21.56px; text-align: left;\"><span style=\"color: #c27ba0;\"><b>10 dag m\u0105ki<\/b><\/span><\/div>\n<div style=\"background-color: white; font-family: 'trebuchet ms','trebuchet','verdana',sans-serif; font-size: 15.4px; line-height: 21.56px; text-align: left;\"><span style=\"color: #c27ba0;\"><b>szklanka zmielonych orzech\u00f3w w\u0142oskich<\/b><\/span><\/div>\n<div style=\"background-color: white; font-family: 'trebuchet ms','trebuchet','verdana',sans-serif; font-size: 15.4px; line-height: 21.56px; text-align: left;\"><span style=\"color: #c27ba0;\"><b>p\u00f3\u0142 kostki mas\u0142a<\/b><\/span><\/div>\n<div style=\"background-color: white; font-family: 'trebuchet ms','trebuchet','verdana',sans-serif; font-size: 15.4px; line-height: 21.56px; text-align: left;\"><span style=\"color: #c27ba0;\"><b>1\/3 szklanki cukru<\/b><\/span><\/div>\n<div style=\"background-color: white; font-family: 'trebuchet ms','trebuchet','verdana',sans-serif; font-size: 15.4px; line-height: 21.56px; text-align: left;\"><span style=\"color: #c27ba0;\"><b>1 jajko<\/b><\/span><\/div>\n<div style=\"background-color: white; font-family: 'trebuchet ms','trebuchet','verdana',sans-serif; font-size: 15.4px; line-height: 21.56px; text-align: left;\"><span style=\"color: #c27ba0;\"><b>1 \u0142y\u017ceczka proszku do pieczenia<\/b><\/span><\/div>\n<div style=\"background-color: white; font-family: 'trebuchet ms','trebuchet','verdana',sans-serif; font-size: 15.4px; line-height: 21.56px; text-align: left;\"><span style=\"color: #c27ba0;\"><b>\u00a0<\/b><\/span><\/div>\n<div style=\"background-color: white; font-family: 'trebuchet ms','trebuchet','verdana',sans-serif; font-size: 15.4px; line-height: 21.56px; text-align: left;\"><span style=\"color: #c27ba0;\"><b>Nadzienie:<\/b><\/span><\/div>\n<div style=\"background-color: white; font-family: 'trebuchet ms','trebuchet','verdana',sans-serif; font-size: 15.4px; line-height: 21.56px; text-align: left;\"><span style=\"color: #c27ba0;\"><b>3-4 niewielkie jab\u0142ka<\/b><\/span><\/div>\n<div style=\"background-color: white; font-family: 'trebuchet ms','trebuchet','verdana',sans-serif; font-size: 15.4px; line-height: 21.56px; text-align: left;\"><span style=\"color: #c27ba0;\"><b>mi\u00f3d z mniszka lekarskiego<\/b><\/span><\/div>\n<div style=\"background-color: white; font-family: 'trebuchet ms','trebuchet','verdana',sans-serif; font-size: 15.4px; line-height: 21.56px; text-align: left;\"><span style=\"color: #c27ba0;\"><b>\u00a0<\/b><\/span><\/div>\n<div style=\"background-color: white; font-family: 'trebuchet ms','trebuchet','verdana',sans-serif; font-size: 15.4px; line-height: 21.56px; text-align: left;\"><b><span style=\"color: #c27ba0;\">Przygotowanie:<\/span><\/b><\/div>\n<div style=\"background-color: white; font-family: 'trebuchet ms','trebuchet','verdana',sans-serif; font-size: 15.4px; line-height: 21.56px; text-align: left;\">\n<div style=\"text-align: justify;\"><span style=\"color: #c27ba0;\"><b><span style=\"font-size: 15.4px; line-height: 21.56px;\">Mas\u0142o ucieramy z cukrem i jajkiem. Dodajemy m\u0105k\u0119,\u00a0<\/span><span style=\"font-size: 15.4px; line-height: 21.56px;\">proszek do pieczenia, orzechy i zagniatamy ciasto. Wk\u0142adamy do lod\u00f3wki.\u00a0<\/span><span style=\"font-size: 15.4px; line-height: 21.56px;\">Jab\u0142ka kroimy na cienkie plasterki.\u00a0<\/span><span style=\"font-size: 15.4px; line-height: 21.56px;\">Foremki smarujemy mas\u0142em i wyk\u0142adamy ciastem.\u00a0<\/span><span style=\"font-size: 15.4px; line-height: 21.56px;\">Podpiekamy 10 minut w piekarniku nagrzanym do 190 stopni.\u00a0<\/span><span style=\"font-size: 15.4px; line-height: 21.56px;\">Na spodach uk\u0142adamy kilka plasterk\u00f3w jab\u0142ek, polewamy miodem.\u00a0<\/span><span style=\"font-size: 15.4px; line-height: 21.56px;\">Ponownie wstawiamy do piekarnika i pieczemy przez 15 minut.<\/span><\/b><\/span><\/div>\n<div><\/div>\n<\/div>\n<div style=\"clear: both; text-align: center;\"><\/div>\n<div style=\"clear: both; text-align: center;\"><img decoding=\"async\" class=\"aligncenter\" title=\"Tartaletki jab\u0142kowe na orzechowym spodzie\" src=\"https:\/\/4.bp.blogspot.com\/-wbG4LkYtT8o\/Vr36FQOLuwI\/AAAAAAAABNA\/4VntiDd76Sg\/s1600\/1.jpg\" alt=\"\" border=\"0\" \/><\/div>\n<div style=\"clear: both; text-align: center;\"><img decoding=\"async\" class=\"aligncenter\" title=\"Tartaletki jab\u0142kowe na orzechowym spodzie\" src=\"https:\/\/1.bp.blogspot.com\/-gwjFoRJm6zQ\/Vr36FJ1q8RI\/AAAAAAAABM8\/oBK1FHOV0-Y\/s1600\/2.jpg\" alt=\"\" border=\"0\" \/><\/div>\n<div style=\"clear: both; text-align: center;\"><img decoding=\"async\" class=\"aligncenter\" title=\"Tartaletki jab\u0142kowe na orzechowym spodzie\" src=\"https:\/\/4.bp.blogspot.com\/-yWXyjLPS390\/Vr36FWh6QZI\/AAAAAAAABNE\/quroYW1-KTo\/s1600\/3.jpg\" alt=\"\" border=\"0\" \/><\/div>\n<div style=\"clear: both; text-align: center;\"><img decoding=\"async\" class=\"aligncenter\" title=\"Tartaletki jab\u0142kowe na orzechowym spodzie\" src=\"https:\/\/1.bp.blogspot.com\/-CUTrl1LQUXY\/Vr36GVQwIqI\/AAAAAAAABNM\/pPF8jVlwhv4\/s1600\/5.jpg\" alt=\"\" border=\"0\" \/><\/div>\n<div style=\"clear: both; text-align: center;\"><img decoding=\"async\" class=\"aligncenter\" title=\"Tartaletki jab\u0142kowe na orzechowym spodzie\" src=\"https:\/\/4.bp.blogspot.com\/-gmqiXCU7lPI\/Vr36GqXu5UI\/AAAAAAAABNQ\/5WpQvB5WQnA\/s1600\/6.jpg\" alt=\"\" border=\"0\" \/><\/div>\n","protected":false},"excerpt":{"rendered":"<p>Po\u0142\u0105czenie jab\u0142ek, orzech\u00f3w w\u0142oskich i domowego miodu z mniszka lekarskiego. Przepis znajdziecie tutaj, obowi\u0105zkowo do zrobienia w nast\u0119pnym sezonie! Mo\u017cna go zast\u0105pi\u0107 innym, jednak ja wybra\u0142am ten ze wzgl\u0119du na specyficzny aromat pasuj\u0105cy do ca\u0142o\u015bci. A poza tym, trzeba naruszy\u0107 niekt\u00f3re schowane g\u0142\u0119boko w szafce letnie zapasy \ud83d\ude42<\/p>\n","protected":false},"author":4,"featured_media":510,"comment_status":"open","ping_status":"open","sticky":false,"template":"","format":"standard","meta":{"_editorskit_title_hidden":false,"_editorskit_reading_time":0,"_editorskit_is_block_options_detached":false,"_editorskit_block_options_position":"{}","footnotes":""},"categories":[13,6],"tags":[161,162],"class_list":["post-244","post","type-post","status-publish","format-standard","has-post-thumbnail","hentry","category-przepisy","category-w-kuchni","tag-ciastka","tag-jablka"],"yoast_head":"<!-- This site is optimized with the Yoast SEO plugin v27.5 - https:\/\/yoast.com\/product\/yoast-seo-wordpress\/ -->\n<title>Tartaletki jab\u0142kowe na orzechowym spodzie - Margarita po p\u00f3\u0142nocy<\/title>\n<meta name=\"robots\" content=\"index, follow, max-snippet:-1, max-image-preview:large, max-video-preview:-1\" \/>\n<link rel=\"canonical\" href=\"https:\/\/margaritapopolnocy.pl\/index.php\/2016\/02\/12\/tartaletki-jablkowe-na-orzechowym-spodzie\/\" \/>\n<meta property=\"og:locale\" content=\"pl_PL\" \/>\n<meta property=\"og:type\" content=\"article\" \/>\n<meta property=\"og:title\" content=\"Tartaletki jab\u0142kowe na orzechowym spodzie - Margarita po p\u00f3\u0142nocy\" \/>\n<meta property=\"og:description\" content=\"Po\u0142\u0105czenie jab\u0142ek, orzech\u00f3w w\u0142oskich i domowego miodu z mniszka lekarskiego. Przepis znajdziecie tutaj, obowi\u0105zkowo do zrobienia w nast\u0119pnym sezonie! Mo\u017cna go zast\u0105pi\u0107 innym, jednak ja wybra\u0142am ten ze wzgl\u0119du na specyficzny aromat pasuj\u0105cy do ca\u0142o\u015bci. A poza tym, trzeba naruszy\u0107 niekt\u00f3re schowane g\u0142\u0119boko w szafce letnie zapasy \ud83d\ude42\" \/>\n<meta property=\"og:url\" content=\"https:\/\/margaritapopolnocy.pl\/index.php\/2016\/02\/12\/tartaletki-jablkowe-na-orzechowym-spodzie\/\" \/>\n<meta property=\"og:site_name\" content=\"Margarita po p\u00f3\u0142nocy\" \/>\n<meta property=\"article:publisher\" content=\"https:\/\/www.facebook.com\/margaritapopolnocy\" \/>\n<meta property=\"article:published_time\" content=\"2016-02-12T16:58:00+00:00\" \/>\n<meta property=\"article:modified_time\" content=\"2024-03-27T10:00:05+00:00\" \/>\n<meta property=\"og:image\" content=\"https:\/\/margaritapopolnocy.pl\/wp-content\/uploads\/2016\/02\/5.jpg\" \/>\n\t<meta property=\"og:image:width\" content=\"578\" \/>\n\t<meta property=\"og:image:height\" content=\"422\" \/>\n\t<meta property=\"og:image:type\" content=\"image\/jpeg\" \/>\n<meta name=\"author\" content=\"Margarita\" \/>\n<meta name=\"twitter:card\" content=\"summary_large_image\" \/>\n<meta name=\"twitter:label1\" content=\"Napisane przez\" \/>\n\t<meta name=\"twitter:data1\" content=\"Margarita\" \/>\n\t<meta name=\"twitter:label2\" content=\"Szacowany czas czytania\" \/>\n\t<meta name=\"twitter:data2\" content=\"1 minuta\" \/>\n<script type=\"application\/ld+json\" class=\"yoast-schema-graph\">{\"@context\":\"https:\\\/\\\/schema.org\",\"@graph\":[{\"@type\":\"Article\",\"@id\":\"https:\\\/\\\/margaritapopolnocy.pl\\\/index.php\\\/2016\\\/02\\\/12\\\/tartaletki-jablkowe-na-orzechowym-spodzie\\\/#article\",\"isPartOf\":{\"@id\":\"https:\\\/\\\/margaritapopolnocy.pl\\\/index.php\\\/2016\\\/02\\\/12\\\/tartaletki-jablkowe-na-orzechowym-spodzie\\\/\"},\"author\":{\"name\":\"Margarita\",\"@id\":\"https:\\\/\\\/margaritapopolnocy.pl\\\/#\\\/schema\\\/person\\\/32aab65402d32695b32cf95c8b03ce20\"},\"headline\":\"Tartaletki jab\u0142kowe na orzechowym spodzie\",\"datePublished\":\"2016-02-12T16:58:00+00:00\",\"dateModified\":\"2024-03-27T10:00:05+00:00\",\"mainEntityOfPage\":{\"@id\":\"https:\\\/\\\/margaritapopolnocy.pl\\\/index.php\\\/2016\\\/02\\\/12\\\/tartaletki-jablkowe-na-orzechowym-spodzie\\\/\"},\"wordCount\":218,\"commentCount\":5,\"publisher\":{\"@id\":\"https:\\\/\\\/margaritapopolnocy.pl\\\/#\\\/schema\\\/person\\\/cd1ad7c3caf5ee645d85f5758c7bf136\"},\"image\":{\"@id\":\"https:\\\/\\\/margaritapopolnocy.pl\\\/index.php\\\/2016\\\/02\\\/12\\\/tartaletki-jablkowe-na-orzechowym-spodzie\\\/#primaryimage\"},\"thumbnailUrl\":\"https:\\\/\\\/margaritapopolnocy.pl\\\/wp-content\\\/uploads\\\/2016\\\/02\\\/5.jpg\",\"keywords\":[\"ciastka\",\"jab\u0142ka\"],\"articleSection\":[\"Przepisy\",\"W kuchni\"],\"inLanguage\":\"pl-PL\",\"potentialAction\":[{\"@type\":\"CommentAction\",\"name\":\"Comment\",\"target\":[\"https:\\\/\\\/margaritapopolnocy.pl\\\/index.php\\\/2016\\\/02\\\/12\\\/tartaletki-jablkowe-na-orzechowym-spodzie\\\/#respond\"]}]},{\"@type\":\"WebPage\",\"@id\":\"https:\\\/\\\/margaritapopolnocy.pl\\\/index.php\\\/2016\\\/02\\\/12\\\/tartaletki-jablkowe-na-orzechowym-spodzie\\\/\",\"url\":\"https:\\\/\\\/margaritapopolnocy.pl\\\/index.php\\\/2016\\\/02\\\/12\\\/tartaletki-jablkowe-na-orzechowym-spodzie\\\/\",\"name\":\"Tartaletki jab\u0142kowe na orzechowym spodzie - Margarita po p\u00f3\u0142nocy\",\"isPartOf\":{\"@id\":\"https:\\\/\\\/margaritapopolnocy.pl\\\/#website\"},\"primaryImageOfPage\":{\"@id\":\"https:\\\/\\\/margaritapopolnocy.pl\\\/index.php\\\/2016\\\/02\\\/12\\\/tartaletki-jablkowe-na-orzechowym-spodzie\\\/#primaryimage\"},\"image\":{\"@id\":\"https:\\\/\\\/margaritapopolnocy.pl\\\/index.php\\\/2016\\\/02\\\/12\\\/tartaletki-jablkowe-na-orzechowym-spodzie\\\/#primaryimage\"},\"thumbnailUrl\":\"https:\\\/\\\/margaritapopolnocy.pl\\\/wp-content\\\/uploads\\\/2016\\\/02\\\/5.jpg\",\"datePublished\":\"2016-02-12T16:58:00+00:00\",\"dateModified\":\"2024-03-27T10:00:05+00:00\",\"breadcrumb\":{\"@id\":\"https:\\\/\\\/margaritapopolnocy.pl\\\/index.php\\\/2016\\\/02\\\/12\\\/tartaletki-jablkowe-na-orzechowym-spodzie\\\/#breadcrumb\"},\"inLanguage\":\"pl-PL\",\"potentialAction\":[{\"@type\":\"ReadAction\",\"target\":[\"https:\\\/\\\/margaritapopolnocy.pl\\\/index.php\\\/2016\\\/02\\\/12\\\/tartaletki-jablkowe-na-orzechowym-spodzie\\\/\"]}]},{\"@type\":\"ImageObject\",\"inLanguage\":\"pl-PL\",\"@id\":\"https:\\\/\\\/margaritapopolnocy.pl\\\/index.php\\\/2016\\\/02\\\/12\\\/tartaletki-jablkowe-na-orzechowym-spodzie\\\/#primaryimage\",\"url\":\"https:\\\/\\\/margaritapopolnocy.pl\\\/wp-content\\\/uploads\\\/2016\\\/02\\\/5.jpg\",\"contentUrl\":\"https:\\\/\\\/margaritapopolnocy.pl\\\/wp-content\\\/uploads\\\/2016\\\/02\\\/5.jpg\",\"width\":578,\"height\":422},{\"@type\":\"BreadcrumbList\",\"@id\":\"https:\\\/\\\/margaritapopolnocy.pl\\\/index.php\\\/2016\\\/02\\\/12\\\/tartaletki-jablkowe-na-orzechowym-spodzie\\\/#breadcrumb\",\"itemListElement\":[{\"@type\":\"ListItem\",\"position\":1,\"name\":\"Strona g\u0142\u00f3wna\",\"item\":\"https:\\\/\\\/margaritapopolnocy.pl\\\/\"},{\"@type\":\"ListItem\",\"position\":2,\"name\":\"Tartaletki jab\u0142kowe na orzechowym spodzie\"}]},{\"@type\":\"WebSite\",\"@id\":\"https:\\\/\\\/margaritapopolnocy.pl\\\/#website\",\"url\":\"https:\\\/\\\/margaritapopolnocy.pl\\\/\",\"name\":\"Margarita po p\u00f3\u0142nocy\",\"description\":\"Jedzenie w kulturze i kultura w jedzeniu\",\"publisher\":{\"@id\":\"https:\\\/\\\/margaritapopolnocy.pl\\\/#\\\/schema\\\/person\\\/cd1ad7c3caf5ee645d85f5758c7bf136\"},\"potentialAction\":[{\"@type\":\"SearchAction\",\"target\":{\"@type\":\"EntryPoint\",\"urlTemplate\":\"https:\\\/\\\/margaritapopolnocy.pl\\\/?s={search_term_string}\"},\"query-input\":{\"@type\":\"PropertyValueSpecification\",\"valueRequired\":true,\"valueName\":\"search_term_string\"}}],\"inLanguage\":\"pl-PL\"},{\"@type\":[\"Person\",\"Organization\"],\"@id\":\"https:\\\/\\\/margaritapopolnocy.pl\\\/#\\\/schema\\\/person\\\/cd1ad7c3caf5ee645d85f5758c7bf136\",\"name\":\"Margarita\",\"image\":{\"@type\":\"ImageObject\",\"inLanguage\":\"pl-PL\",\"@id\":\"https:\\\/\\\/margaritapopolnocy.pl\\\/wp-content\\\/uploads\\\/2020\\\/09\\\/cropped-naglowek7-4.png\",\"url\":\"https:\\\/\\\/margaritapopolnocy.pl\\\/wp-content\\\/uploads\\\/2020\\\/09\\\/cropped-naglowek7-4.png\",\"contentUrl\":\"https:\\\/\\\/margaritapopolnocy.pl\\\/wp-content\\\/uploads\\\/2020\\\/09\\\/cropped-naglowek7-4.png\",\"width\":668,\"height\":403,\"caption\":\"Margarita\"},\"logo\":{\"@id\":\"https:\\\/\\\/margaritapopolnocy.pl\\\/wp-content\\\/uploads\\\/2020\\\/09\\\/cropped-naglowek7-4.png\"},\"sameAs\":[\"https:\\\/\\\/margaritapopolnocy.pl\\\/\",\"https:\\\/\\\/www.facebook.com\\\/margaritapopolnocy\",\"https:\\\/\\\/www.instagram.com\\\/margarita_popolnocy\\\/\"]},{\"@type\":\"Person\",\"@id\":\"https:\\\/\\\/margaritapopolnocy.pl\\\/#\\\/schema\\\/person\\\/32aab65402d32695b32cf95c8b03ce20\",\"name\":\"Margarita\",\"image\":{\"@type\":\"ImageObject\",\"inLanguage\":\"pl-PL\",\"@id\":\"https:\\\/\\\/secure.gravatar.com\\\/avatar\\\/?s=96&d=mm&r=g\",\"url\":\"https:\\\/\\\/secure.gravatar.com\\\/avatar\\\/?s=96&d=mm&r=g\",\"contentUrl\":\"https:\\\/\\\/secure.gravatar.com\\\/avatar\\\/?s=96&d=mm&r=g\",\"caption\":\"Margarita\"},\"url\":\"https:\\\/\\\/margaritapopolnocy.pl\\\/index.php\\\/author\\\/margarita\\\/\"}]}<\/script>\n<!-- \/ Yoast SEO plugin. -->","yoast_head_json":{"title":"Tartaletki jab\u0142kowe na orzechowym spodzie - Margarita po p\u00f3\u0142nocy","robots":{"index":"index","follow":"follow","max-snippet":"max-snippet:-1","max-image-preview":"max-image-preview:large","max-video-preview":"max-video-preview:-1"},"canonical":"https:\/\/margaritapopolnocy.pl\/index.php\/2016\/02\/12\/tartaletki-jablkowe-na-orzechowym-spodzie\/","og_locale":"pl_PL","og_type":"article","og_title":"Tartaletki jab\u0142kowe na orzechowym spodzie - Margarita po p\u00f3\u0142nocy","og_description":"Po\u0142\u0105czenie jab\u0142ek, orzech\u00f3w w\u0142oskich i domowego miodu z mniszka lekarskiego. Przepis znajdziecie tutaj, obowi\u0105zkowo do zrobienia w nast\u0119pnym sezonie! Mo\u017cna go zast\u0105pi\u0107 innym, jednak ja wybra\u0142am ten ze wzgl\u0119du na specyficzny aromat pasuj\u0105cy do ca\u0142o\u015bci. A poza tym, trzeba naruszy\u0107 niekt\u00f3re schowane g\u0142\u0119boko w szafce letnie zapasy \ud83d\ude42","og_url":"https:\/\/margaritapopolnocy.pl\/index.php\/2016\/02\/12\/tartaletki-jablkowe-na-orzechowym-spodzie\/","og_site_name":"Margarita po p\u00f3\u0142nocy","article_publisher":"https:\/\/www.facebook.com\/margaritapopolnocy","article_published_time":"2016-02-12T16:58:00+00:00","article_modified_time":"2024-03-27T10:00:05+00:00","og_image":[{"width":578,"height":422,"url":"https:\/\/margaritapopolnocy.pl\/wp-content\/uploads\/2016\/02\/5.jpg","type":"image\/jpeg"}],"author":"Margarita","twitter_card":"summary_large_image","twitter_misc":{"Napisane przez":"Margarita","Szacowany czas czytania":"1 minuta"},"schema":{"@context":"https:\/\/schema.org","@graph":[{"@type":"Article","@id":"https:\/\/margaritapopolnocy.pl\/index.php\/2016\/02\/12\/tartaletki-jablkowe-na-orzechowym-spodzie\/#article","isPartOf":{"@id":"https:\/\/margaritapopolnocy.pl\/index.php\/2016\/02\/12\/tartaletki-jablkowe-na-orzechowym-spodzie\/"},"author":{"name":"Margarita","@id":"https:\/\/margaritapopolnocy.pl\/#\/schema\/person\/32aab65402d32695b32cf95c8b03ce20"},"headline":"Tartaletki jab\u0142kowe na orzechowym spodzie","datePublished":"2016-02-12T16:58:00+00:00","dateModified":"2024-03-27T10:00:05+00:00","mainEntityOfPage":{"@id":"https:\/\/margaritapopolnocy.pl\/index.php\/2016\/02\/12\/tartaletki-jablkowe-na-orzechowym-spodzie\/"},"wordCount":218,"commentCount":5,"publisher":{"@id":"https:\/\/margaritapopolnocy.pl\/#\/schema\/person\/cd1ad7c3caf5ee645d85f5758c7bf136"},"image":{"@id":"https:\/\/margaritapopolnocy.pl\/index.php\/2016\/02\/12\/tartaletki-jablkowe-na-orzechowym-spodzie\/#primaryimage"},"thumbnailUrl":"https:\/\/margaritapopolnocy.pl\/wp-content\/uploads\/2016\/02\/5.jpg","keywords":["ciastka","jab\u0142ka"],"articleSection":["Przepisy","W kuchni"],"inLanguage":"pl-PL","potentialAction":[{"@type":"CommentAction","name":"Comment","target":["https:\/\/margaritapopolnocy.pl\/index.php\/2016\/02\/12\/tartaletki-jablkowe-na-orzechowym-spodzie\/#respond"]}]},{"@type":"WebPage","@id":"https:\/\/margaritapopolnocy.pl\/index.php\/2016\/02\/12\/tartaletki-jablkowe-na-orzechowym-spodzie\/","url":"https:\/\/margaritapopolnocy.pl\/index.php\/2016\/02\/12\/tartaletki-jablkowe-na-orzechowym-spodzie\/","name":"Tartaletki jab\u0142kowe na orzechowym spodzie - Margarita po p\u00f3\u0142nocy","isPartOf":{"@id":"https:\/\/margaritapopolnocy.pl\/#website"},"primaryImageOfPage":{"@id":"https:\/\/margaritapopolnocy.pl\/index.php\/2016\/02\/12\/tartaletki-jablkowe-na-orzechowym-spodzie\/#primaryimage"},"image":{"@id":"https:\/\/margaritapopolnocy.pl\/index.php\/2016\/02\/12\/tartaletki-jablkowe-na-orzechowym-spodzie\/#primaryimage"},"thumbnailUrl":"https:\/\/margaritapopolnocy.pl\/wp-content\/uploads\/2016\/02\/5.jpg","datePublished":"2016-02-12T16:58:00+00:00","dateModified":"2024-03-27T10:00:05+00:00","breadcrumb":{"@id":"https:\/\/margaritapopolnocy.pl\/index.php\/2016\/02\/12\/tartaletki-jablkowe-na-orzechowym-spodzie\/#breadcrumb"},"inLanguage":"pl-PL","potentialAction":[{"@type":"ReadAction","target":["https:\/\/margaritapopolnocy.pl\/index.php\/2016\/02\/12\/tartaletki-jablkowe-na-orzechowym-spodzie\/"]}]},{"@type":"ImageObject","inLanguage":"pl-PL","@id":"https:\/\/margaritapopolnocy.pl\/index.php\/2016\/02\/12\/tartaletki-jablkowe-na-orzechowym-spodzie\/#primaryimage","url":"https:\/\/margaritapopolnocy.pl\/wp-content\/uploads\/2016\/02\/5.jpg","contentUrl":"https:\/\/margaritapopolnocy.pl\/wp-content\/uploads\/2016\/02\/5.jpg","width":578,"height":422},{"@type":"BreadcrumbList","@id":"https:\/\/margaritapopolnocy.pl\/index.php\/2016\/02\/12\/tartaletki-jablkowe-na-orzechowym-spodzie\/#breadcrumb","itemListElement":[{"@type":"ListItem","position":1,"name":"Strona g\u0142\u00f3wna","item":"https:\/\/margaritapopolnocy.pl\/"},{"@type":"ListItem","position":2,"name":"Tartaletki jab\u0142kowe na orzechowym spodzie"}]},{"@type":"WebSite","@id":"https:\/\/margaritapopolnocy.pl\/#website","url":"https:\/\/margaritapopolnocy.pl\/","name":"Margarita po p\u00f3\u0142nocy","description":"Jedzenie w kulturze i kultura w jedzeniu","publisher":{"@id":"https:\/\/margaritapopolnocy.pl\/#\/schema\/person\/cd1ad7c3caf5ee645d85f5758c7bf136"},"potentialAction":[{"@type":"SearchAction","target":{"@type":"EntryPoint","urlTemplate":"https:\/\/margaritapopolnocy.pl\/?s={search_term_string}"},"query-input":{"@type":"PropertyValueSpecification","valueRequired":true,"valueName":"search_term_string"}}],"inLanguage":"pl-PL"},{"@type":["Person","Organization"],"@id":"https:\/\/margaritapopolnocy.pl\/#\/schema\/person\/cd1ad7c3caf5ee645d85f5758c7bf136","name":"Margarita","image":{"@type":"ImageObject","inLanguage":"pl-PL","@id":"https:\/\/margaritapopolnocy.pl\/wp-content\/uploads\/2020\/09\/cropped-naglowek7-4.png","url":"https:\/\/margaritapopolnocy.pl\/wp-content\/uploads\/2020\/09\/cropped-naglowek7-4.png","contentUrl":"https:\/\/margaritapopolnocy.pl\/wp-content\/uploads\/2020\/09\/cropped-naglowek7-4.png","width":668,"height":403,"caption":"Margarita"},"logo":{"@id":"https:\/\/margaritapopolnocy.pl\/wp-content\/uploads\/2020\/09\/cropped-naglowek7-4.png"},"sameAs":["https:\/\/margaritapopolnocy.pl\/","https:\/\/www.facebook.com\/margaritapopolnocy","https:\/\/www.instagram.com\/margarita_popolnocy\/"]},{"@type":"Person","@id":"https:\/\/margaritapopolnocy.pl\/#\/schema\/person\/32aab65402d32695b32cf95c8b03ce20","name":"Margarita","image":{"@type":"ImageObject","inLanguage":"pl-PL","@id":"https:\/\/secure.gravatar.com\/avatar\/?s=96&d=mm&r=g","url":"https:\/\/secure.gravatar.com\/avatar\/?s=96&d=mm&r=g","contentUrl":"https:\/\/secure.gravatar.com\/avatar\/?s=96&d=mm&r=g","caption":"Margarita"},"url":"https:\/\/margaritapopolnocy.pl\/index.php\/author\/margarita\/"}]}},"_links":{"self":[{"href":"https:\/\/margaritapopolnocy.pl\/index.php\/wp-json\/wp\/v2\/posts\/244","targetHints":{"allow":["GET"]}}],"collection":[{"href":"https:\/\/margaritapopolnocy.pl\/index.php\/wp-json\/wp\/v2\/posts"}],"about":[{"href":"https:\/\/margaritapopolnocy.pl\/index.php\/wp-json\/wp\/v2\/types\/post"}],"author":[{"embeddable":true,"href":"https:\/\/margaritapopolnocy.pl\/index.php\/wp-json\/wp\/v2\/users\/4"}],"replies":[{"embeddable":true,"href":"https:\/\/margaritapopolnocy.pl\/index.php\/wp-json\/wp\/v2\/comments?post=244"}],"version-history":[{"count":2,"href":"https:\/\/margaritapopolnocy.pl\/index.php\/wp-json\/wp\/v2\/posts\/244\/revisions"}],"predecessor-version":[{"id":512,"href":"https:\/\/margaritapopolnocy.pl\/index.php\/wp-json\/wp\/v2\/posts\/244\/revisions\/512"}],"wp:featuredmedia":[{"embeddable":true,"href":"https:\/\/margaritapopolnocy.pl\/index.php\/wp-json\/wp\/v2\/media\/510"}],"wp:attachment":[{"href":"https:\/\/margaritapopolnocy.pl\/index.php\/wp-json\/wp\/v2\/media?parent=244"}],"wp:term":[{"taxonomy":"category","embeddable":true,"href":"https:\/\/margaritapopolnocy.pl\/index.php\/wp-json\/wp\/v2\/categories?post=244"},{"taxonomy":"post_tag","embeddable":true,"href":"https:\/\/margaritapopolnocy.pl\/index.php\/wp-json\/wp\/v2\/tags?post=244"}],"curies":[{"name":"wp","href":"https:\/\/api.w.org\/{rel}","templated":true}]}}