{"id":246,"date":"2016-01-12T14:14:00","date_gmt":"2016-01-12T13:14:00","guid":{"rendered":"http:\/\/margaritapopolnocy.pl\/index.php\/2016\/01\/12\/noworoczny-roz-i-zloto\/"},"modified":"2020-09-04T12:45:49","modified_gmt":"2020-09-04T10:45:49","slug":"noworoczny-roz-i-zloto","status":"publish","type":"post","link":"https:\/\/margaritapopolnocy.pl\/index.php\/2016\/01\/12\/noworoczny-roz-i-zloto\/","title":{"rendered":"Noworoczny r\u00f3\u017c i z\u0142oto"},"content":{"rendered":"<div style=\"text-align: justify;\">Oto g\u0142\u00f3wni bohaterowie tegorocznego Sylwestra &#8211; z\u0142oty szampan dope\u0142niony sokiem z granatu oraz bardzo puszyste, daktylowe babeczki. Wypiek ten jest \u015bwietny solo &#8211; jednak okazja wymaga\u0142a tego, by je od\u015bwi\u0119tnie ubra\u0107 &#8211; st\u0105d s\u0142odki, r\u00f3\u017cowy krem. My\u015bl\u0119, \u017ce jest to dobra propozycja tak\u017ce na zupe\u0142nie zwyczajny dzie\u0144, by troch\u0119 sobie umili\u0107 szaro\u015b\u0107 panuj\u0105c\u0105 za oknem \ud83d\ude42<\/div>\n<div><\/div>\n<p><!--more--><\/p>\n<div style=\"text-align: justify;\"><\/div>\n<div style=\"clear: both; text-align: center;\"><img decoding=\"async\" class=\"aligncenter\" title=\"Szampan z granatem\" src=\"https:\/\/1.bp.blogspot.com\/-FJYxDcdJaj0\/Vo6wB81fTHI\/AAAAAAAABL8\/LGLG-kyigy4\/s1600\/1.jpg\" alt=\"\" border=\"0\"><\/div>\n<div style=\"clear: both; text-align: center;\"><img decoding=\"async\" class=\"aligncenter\" title=\"Daktylowe babeczki z r\u00f3\u017cowym kremem\" src=\"https:\/\/4.bp.blogspot.com\/-iGO8lkouhhs\/Vo6wB8K5HDI\/AAAAAAAABME\/qwoLzjmY5OQ\/s1600\/3.jpg\" alt=\"\" border=\"0\"><\/div>\n<div style=\"clear: both; text-align: center;\"><span style=\"color: #c27ba0;\">&nbsp;<\/span><\/div>\n<div style=\"clear: both; text-align: justify;\"><span style=\"color: #c27ba0;\">Babeczki daktylowe<\/span><\/div>\n<div style=\"clear: both; text-align: justify;\"><b><span style=\"color: #c27ba0;\">Sk\u0142adniki:<\/span><\/b><\/div>\n<div style=\"clear: both; text-align: justify;\"><i><span style=\"color: #c27ba0;\">15 babeczek<\/span><\/i><\/div>\n<div style=\"clear: both; text-align: justify;\"><i><span style=\"color: #c27ba0;\">&nbsp;<\/span><\/i><\/div>\n<div style=\"clear: both; text-align: justify;\"><span style=\"color: #c27ba0;\">180 g m\u0105ki<\/span><\/div>\n<div style=\"clear: both; text-align: justify;\"><span style=\"color: #c27ba0;\">1 \u017c\u00f3\u0142tko, 3 bia\u0142ka<\/span><\/div>\n<div style=\"clear: both; text-align: justify;\"><span style=\"color: #c27ba0;\">200 ml mleka<\/span><\/div>\n<div style=\"clear: both; text-align: justify;\"><span style=\"color: #c27ba0;\">80 g mi\u0119kkiego mas\u0142a<\/span><\/div>\n<div style=\"clear: both; text-align: justify;\"><span style=\"color: #c27ba0;\">100 g cukru<\/span><\/div>\n<div style=\"clear: both; text-align: justify;\"><span style=\"color: #c27ba0;\">2 \u0142y\u017ceczki proszku do pieczenia<\/span><\/div>\n<div style=\"clear: both; text-align: justify;\"><span style=\"color: #c27ba0;\">1\/2 \u0142y\u017ceczki sody oczyszczonej<\/span><\/div>\n<div style=\"clear: both; text-align: justify;\"><span style=\"color: #c27ba0;\">dwie gar\u015bci daktyli<\/span><\/div>\n<div style=\"clear: both; text-align: justify;\"><span style=\"color: #c27ba0;\">szczypta soli<\/span><\/div>\n<div style=\"clear: both; text-align: justify;\"><span style=\"color: #c27ba0;\">&nbsp;<\/span><\/div>\n<div style=\"clear: both; text-align: justify;\"><span style=\"color: #c27ba0;\">krem:<\/span><\/div>\n<div style=\"clear: both; text-align: justify;\"><span style=\"color: #c27ba0;\">40 g mi\u0119kkiego mas\u0142a<\/span><\/div>\n<div style=\"clear: both; text-align: justify;\"><span style=\"color: #c27ba0;\">80 g serka \u015bmietankowego<\/span><\/div>\n<div style=\"clear: both; text-align: justify;\"><span style=\"color: #c27ba0;\">150 g cukru pudru<\/span><\/div>\n<div style=\"clear: both; text-align: justify;\"><span style=\"color: #c27ba0;\">czerwony barwnik spo\u017cywczy<\/span><\/div>\n<div style=\"clear: both; text-align: justify;\"><span style=\"color: #c27ba0;\">ozdobny cukier<\/span><\/div>\n<div style=\"clear: both; text-align: justify;\"><span style=\"color: #c27ba0;\">&nbsp;<\/span><\/div>\n<div style=\"clear: both; text-align: justify;\"><b><span style=\"color: #c27ba0;\">Przygotowanie:<\/span><\/b><\/div>\n<div style=\"clear: both; text-align: justify;\"><span style=\"color: #c27ba0;\">Na ma\u0142ym ogniu podgrzewamy mleko. W misce mieszamy suche sk\u0142adniki, dodajemy \u017c\u00f3\u0142tko. Zalewamy ciep\u0142ym mlekiem i mieszamy. Odstawiamy ciasto na oko\u0142o 30 minut.&nbsp;<\/span><span style=\"color: #c27ba0;\">Rozgrzewamy piekarnik do 210 stopni.&nbsp;<\/span><span style=\"color: #c27ba0;\">Daktyle kroimy na mniejsze kawa\u0142ki. Ubijamy bia\u0142ka z odrobin\u0105 soli na sztywn\u0105 pian\u0119. Dodajemy do ciasta wraz z daktylami. Delikatnie mieszamy.&nbsp;<\/span><span style=\"color: #c27ba0;\">Foremki wyk\u0142adamy papilotkami, wype\u0142niamy ciastem. Pieczemy oko\u0142o 25 minut.<\/span><\/div>\n<div style=\"clear: both; text-align: justify;\"><span style=\"color: #c27ba0;\">&nbsp;<\/span><\/div>\n<div style=\"clear: both; text-align: justify;\"><span style=\"color: #c27ba0;\">By przygotowa\u0107 krem miksujemy mi\u0119kkie mas\u0142o z serkiem i stopniowo dodajemy cukier puder. Na ko\u0144cu dodajemy kilka kropli barwnika spo\u017cywczego, by uzyska\u0107 odpowiedni odcie\u0144. Wstawiamy na 10 minut do lod\u00f3wki.&nbsp;<\/span><span style=\"color: #c27ba0;\">Krem nak\u0142adamy na wystudzone babeczki i posypujemy drobnym cukrem.<\/span><\/div>\n<div style=\"clear: both; text-align: justify;\"><\/div>\n<div style=\"clear: both; text-align: center;\"><img loading=\"lazy\" decoding=\"async\" class=\"aligncenter\" title=\"Sylwestrowy szampan z granatem i daktylowe babeczki z kremem\" src=\"https:\/\/1.bp.blogspot.com\/-bBS9ZUPF28w\/Vo6wCBMu9zI\/AAAAAAAABMM\/rvEvDmBKJQY\/s640\/2.jpg\" alt=\"\" width=\"640\" height=\"476\" border=\"0\"><\/div>\n","protected":false},"excerpt":{"rendered":"<p>Oto g\u0142\u00f3wni bohaterowie tegorocznego Sylwestra &#8211; z\u0142oty szampan dope\u0142niony sokiem z granatu oraz bardzo puszyste, daktylowe babeczki. Wypiek ten jest \u015bwietny solo &#8211; jednak okazja wymaga\u0142a tego, by je od\u015bwi\u0119tnie ubra\u0107 &#8211; st\u0105d s\u0142odki, r\u00f3\u017cowy krem. My\u015bl\u0119, \u017ce jest to dobra propozycja tak\u017ce na zupe\u0142nie zwyczajny dzie\u0144, by troch\u0119 sobie umili\u0107 szaro\u015b\u0107 panuj\u0105c\u0105 za oknem \ud83d\ude42<\/p>\n","protected":false},"author":4,"featured_media":515,"comment_status":"open","ping_status":"open","sticky":false,"template":"","format":"standard","meta":{"_editorskit_title_hidden":false,"_editorskit_reading_time":0,"_editorskit_is_block_options_detached":false,"_editorskit_block_options_position":"{}","footnotes":""},"categories":[13,6],"tags":[],"class_list":["post-246","post","type-post","status-publish","format-standard","has-post-thumbnail","hentry","category-przepisy","category-w-kuchni"],"yoast_head":"<!-- This site is optimized with the Yoast SEO plugin v27.5 - https:\/\/yoast.com\/product\/yoast-seo-wordpress\/ -->\n<title>Noworoczny r\u00f3\u017c i z\u0142oto - Margarita po p\u00f3\u0142nocy<\/title>\n<meta name=\"robots\" content=\"index, follow, max-snippet:-1, max-image-preview:large, max-video-preview:-1\" \/>\n<link rel=\"canonical\" href=\"https:\/\/margaritapopolnocy.pl\/index.php\/2016\/01\/12\/noworoczny-roz-i-zloto\/\" \/>\n<meta property=\"og:locale\" content=\"pl_PL\" \/>\n<meta property=\"og:type\" content=\"article\" \/>\n<meta property=\"og:title\" content=\"Noworoczny r\u00f3\u017c i z\u0142oto - Margarita po p\u00f3\u0142nocy\" \/>\n<meta property=\"og:description\" content=\"Oto g\u0142\u00f3wni bohaterowie tegorocznego Sylwestra &#8211; z\u0142oty szampan dope\u0142niony sokiem z granatu oraz bardzo puszyste, daktylowe babeczki. Wypiek ten jest \u015bwietny solo &#8211; jednak okazja wymaga\u0142a tego, by je od\u015bwi\u0119tnie ubra\u0107 &#8211; st\u0105d s\u0142odki, r\u00f3\u017cowy krem. My\u015bl\u0119, \u017ce jest to dobra propozycja tak\u017ce na zupe\u0142nie zwyczajny dzie\u0144, by troch\u0119 sobie umili\u0107 szaro\u015b\u0107 panuj\u0105c\u0105 za oknem \ud83d\ude42\" \/>\n<meta property=\"og:url\" content=\"https:\/\/margaritapopolnocy.pl\/index.php\/2016\/01\/12\/noworoczny-roz-i-zloto\/\" \/>\n<meta property=\"og:site_name\" content=\"Margarita po p\u00f3\u0142nocy\" \/>\n<meta property=\"article:publisher\" content=\"https:\/\/www.facebook.com\/margaritapopolnocy\" \/>\n<meta property=\"article:published_time\" content=\"2016-01-12T13:14:00+00:00\" \/>\n<meta property=\"article:modified_time\" content=\"2020-09-04T10:45:49+00:00\" \/>\n<meta property=\"og:image\" content=\"https:\/\/margaritapopolnocy.pl\/wp-content\/uploads\/2016\/01\/2.jpg\" \/>\n\t<meta property=\"og:image:width\" content=\"640\" \/>\n\t<meta property=\"og:image:height\" content=\"477\" \/>\n\t<meta property=\"og:image:type\" content=\"image\/jpeg\" \/>\n<meta name=\"author\" content=\"Margarita\" \/>\n<meta name=\"twitter:card\" content=\"summary_large_image\" \/>\n<meta name=\"twitter:label1\" content=\"Napisane przez\" \/>\n\t<meta name=\"twitter:data1\" content=\"Margarita\" \/>\n\t<meta name=\"twitter:label2\" content=\"Szacowany czas czytania\" \/>\n\t<meta name=\"twitter:data2\" content=\"1 minuta\" \/>\n<script type=\"application\/ld+json\" class=\"yoast-schema-graph\">{\"@context\":\"https:\\\/\\\/schema.org\",\"@graph\":[{\"@type\":\"Article\",\"@id\":\"https:\\\/\\\/margaritapopolnocy.pl\\\/index.php\\\/2016\\\/01\\\/12\\\/noworoczny-roz-i-zloto\\\/#article\",\"isPartOf\":{\"@id\":\"https:\\\/\\\/margaritapopolnocy.pl\\\/index.php\\\/2016\\\/01\\\/12\\\/noworoczny-roz-i-zloto\\\/\"},\"author\":{\"name\":\"Margarita\",\"@id\":\"https:\\\/\\\/margaritapopolnocy.pl\\\/#\\\/schema\\\/person\\\/32aab65402d32695b32cf95c8b03ce20\"},\"headline\":\"Noworoczny r\u00f3\u017c i z\u0142oto\",\"datePublished\":\"2016-01-12T13:14:00+00:00\",\"dateModified\":\"2020-09-04T10:45:49+00:00\",\"mainEntityOfPage\":{\"@id\":\"https:\\\/\\\/margaritapopolnocy.pl\\\/index.php\\\/2016\\\/01\\\/12\\\/noworoczny-roz-i-zloto\\\/\"},\"wordCount\":244,\"commentCount\":1,\"publisher\":{\"@id\":\"https:\\\/\\\/margaritapopolnocy.pl\\\/#\\\/schema\\\/person\\\/cd1ad7c3caf5ee645d85f5758c7bf136\"},\"image\":{\"@id\":\"https:\\\/\\\/margaritapopolnocy.pl\\\/index.php\\\/2016\\\/01\\\/12\\\/noworoczny-roz-i-zloto\\\/#primaryimage\"},\"thumbnailUrl\":\"https:\\\/\\\/margaritapopolnocy.pl\\\/wp-content\\\/uploads\\\/2016\\\/01\\\/2.jpg\",\"articleSection\":[\"Przepisy\",\"W kuchni\"],\"inLanguage\":\"pl-PL\",\"potentialAction\":[{\"@type\":\"CommentAction\",\"name\":\"Comment\",\"target\":[\"https:\\\/\\\/margaritapopolnocy.pl\\\/index.php\\\/2016\\\/01\\\/12\\\/noworoczny-roz-i-zloto\\\/#respond\"]}]},{\"@type\":\"WebPage\",\"@id\":\"https:\\\/\\\/margaritapopolnocy.pl\\\/index.php\\\/2016\\\/01\\\/12\\\/noworoczny-roz-i-zloto\\\/\",\"url\":\"https:\\\/\\\/margaritapopolnocy.pl\\\/index.php\\\/2016\\\/01\\\/12\\\/noworoczny-roz-i-zloto\\\/\",\"name\":\"Noworoczny r\u00f3\u017c i z\u0142oto - Margarita po p\u00f3\u0142nocy\",\"isPartOf\":{\"@id\":\"https:\\\/\\\/margaritapopolnocy.pl\\\/#website\"},\"primaryImageOfPage\":{\"@id\":\"https:\\\/\\\/margaritapopolnocy.pl\\\/index.php\\\/2016\\\/01\\\/12\\\/noworoczny-roz-i-zloto\\\/#primaryimage\"},\"image\":{\"@id\":\"https:\\\/\\\/margaritapopolnocy.pl\\\/index.php\\\/2016\\\/01\\\/12\\\/noworoczny-roz-i-zloto\\\/#primaryimage\"},\"thumbnailUrl\":\"https:\\\/\\\/margaritapopolnocy.pl\\\/wp-content\\\/uploads\\\/2016\\\/01\\\/2.jpg\",\"datePublished\":\"2016-01-12T13:14:00+00:00\",\"dateModified\":\"2020-09-04T10:45:49+00:00\",\"breadcrumb\":{\"@id\":\"https:\\\/\\\/margaritapopolnocy.pl\\\/index.php\\\/2016\\\/01\\\/12\\\/noworoczny-roz-i-zloto\\\/#breadcrumb\"},\"inLanguage\":\"pl-PL\",\"potentialAction\":[{\"@type\":\"ReadAction\",\"target\":[\"https:\\\/\\\/margaritapopolnocy.pl\\\/index.php\\\/2016\\\/01\\\/12\\\/noworoczny-roz-i-zloto\\\/\"]}]},{\"@type\":\"ImageObject\",\"inLanguage\":\"pl-PL\",\"@id\":\"https:\\\/\\\/margaritapopolnocy.pl\\\/index.php\\\/2016\\\/01\\\/12\\\/noworoczny-roz-i-zloto\\\/#primaryimage\",\"url\":\"https:\\\/\\\/margaritapopolnocy.pl\\\/wp-content\\\/uploads\\\/2016\\\/01\\\/2.jpg\",\"contentUrl\":\"https:\\\/\\\/margaritapopolnocy.pl\\\/wp-content\\\/uploads\\\/2016\\\/01\\\/2.jpg\",\"width\":640,\"height\":477},{\"@type\":\"BreadcrumbList\",\"@id\":\"https:\\\/\\\/margaritapopolnocy.pl\\\/index.php\\\/2016\\\/01\\\/12\\\/noworoczny-roz-i-zloto\\\/#breadcrumb\",\"itemListElement\":[{\"@type\":\"ListItem\",\"position\":1,\"name\":\"Strona g\u0142\u00f3wna\",\"item\":\"https:\\\/\\\/margaritapopolnocy.pl\\\/\"},{\"@type\":\"ListItem\",\"position\":2,\"name\":\"Noworoczny r\u00f3\u017c i z\u0142oto\"}]},{\"@type\":\"WebSite\",\"@id\":\"https:\\\/\\\/margaritapopolnocy.pl\\\/#website\",\"url\":\"https:\\\/\\\/margaritapopolnocy.pl\\\/\",\"name\":\"Margarita po p\u00f3\u0142nocy\",\"description\":\"Jedzenie w kulturze i kultura w jedzeniu\",\"publisher\":{\"@id\":\"https:\\\/\\\/margaritapopolnocy.pl\\\/#\\\/schema\\\/person\\\/cd1ad7c3caf5ee645d85f5758c7bf136\"},\"potentialAction\":[{\"@type\":\"SearchAction\",\"target\":{\"@type\":\"EntryPoint\",\"urlTemplate\":\"https:\\\/\\\/margaritapopolnocy.pl\\\/?s={search_term_string}\"},\"query-input\":{\"@type\":\"PropertyValueSpecification\",\"valueRequired\":true,\"valueName\":\"search_term_string\"}}],\"inLanguage\":\"pl-PL\"},{\"@type\":[\"Person\",\"Organization\"],\"@id\":\"https:\\\/\\\/margaritapopolnocy.pl\\\/#\\\/schema\\\/person\\\/cd1ad7c3caf5ee645d85f5758c7bf136\",\"name\":\"Margarita\",\"image\":{\"@type\":\"ImageObject\",\"inLanguage\":\"pl-PL\",\"@id\":\"https:\\\/\\\/margaritapopolnocy.pl\\\/wp-content\\\/uploads\\\/2020\\\/09\\\/cropped-naglowek7-4.png\",\"url\":\"https:\\\/\\\/margaritapopolnocy.pl\\\/wp-content\\\/uploads\\\/2020\\\/09\\\/cropped-naglowek7-4.png\",\"contentUrl\":\"https:\\\/\\\/margaritapopolnocy.pl\\\/wp-content\\\/uploads\\\/2020\\\/09\\\/cropped-naglowek7-4.png\",\"width\":668,\"height\":403,\"caption\":\"Margarita\"},\"logo\":{\"@id\":\"https:\\\/\\\/margaritapopolnocy.pl\\\/wp-content\\\/uploads\\\/2020\\\/09\\\/cropped-naglowek7-4.png\"},\"sameAs\":[\"https:\\\/\\\/margaritapopolnocy.pl\\\/\",\"https:\\\/\\\/www.facebook.com\\\/margaritapopolnocy\",\"https:\\\/\\\/www.instagram.com\\\/margarita_popolnocy\\\/\"]},{\"@type\":\"Person\",\"@id\":\"https:\\\/\\\/margaritapopolnocy.pl\\\/#\\\/schema\\\/person\\\/32aab65402d32695b32cf95c8b03ce20\",\"name\":\"Margarita\",\"image\":{\"@type\":\"ImageObject\",\"inLanguage\":\"pl-PL\",\"@id\":\"https:\\\/\\\/secure.gravatar.com\\\/avatar\\\/?s=96&d=mm&r=g\",\"url\":\"https:\\\/\\\/secure.gravatar.com\\\/avatar\\\/?s=96&d=mm&r=g\",\"contentUrl\":\"https:\\\/\\\/secure.gravatar.com\\\/avatar\\\/?s=96&d=mm&r=g\",\"caption\":\"Margarita\"},\"url\":\"https:\\\/\\\/margaritapopolnocy.pl\\\/index.php\\\/author\\\/margarita\\\/\"}]}<\/script>\n<!-- \/ Yoast SEO plugin. -->","yoast_head_json":{"title":"Noworoczny r\u00f3\u017c i z\u0142oto - Margarita po p\u00f3\u0142nocy","robots":{"index":"index","follow":"follow","max-snippet":"max-snippet:-1","max-image-preview":"max-image-preview:large","max-video-preview":"max-video-preview:-1"},"canonical":"https:\/\/margaritapopolnocy.pl\/index.php\/2016\/01\/12\/noworoczny-roz-i-zloto\/","og_locale":"pl_PL","og_type":"article","og_title":"Noworoczny r\u00f3\u017c i z\u0142oto - Margarita po p\u00f3\u0142nocy","og_description":"Oto g\u0142\u00f3wni bohaterowie tegorocznego Sylwestra &#8211; z\u0142oty szampan dope\u0142niony sokiem z granatu oraz bardzo puszyste, daktylowe babeczki. Wypiek ten jest \u015bwietny solo &#8211; jednak okazja wymaga\u0142a tego, by je od\u015bwi\u0119tnie ubra\u0107 &#8211; st\u0105d s\u0142odki, r\u00f3\u017cowy krem. My\u015bl\u0119, \u017ce jest to dobra propozycja tak\u017ce na zupe\u0142nie zwyczajny dzie\u0144, by troch\u0119 sobie umili\u0107 szaro\u015b\u0107 panuj\u0105c\u0105 za oknem \ud83d\ude42","og_url":"https:\/\/margaritapopolnocy.pl\/index.php\/2016\/01\/12\/noworoczny-roz-i-zloto\/","og_site_name":"Margarita po p\u00f3\u0142nocy","article_publisher":"https:\/\/www.facebook.com\/margaritapopolnocy","article_published_time":"2016-01-12T13:14:00+00:00","article_modified_time":"2020-09-04T10:45:49+00:00","og_image":[{"width":640,"height":477,"url":"https:\/\/margaritapopolnocy.pl\/wp-content\/uploads\/2016\/01\/2.jpg","type":"image\/jpeg"}],"author":"Margarita","twitter_card":"summary_large_image","twitter_misc":{"Napisane przez":"Margarita","Szacowany czas czytania":"1 minuta"},"schema":{"@context":"https:\/\/schema.org","@graph":[{"@type":"Article","@id":"https:\/\/margaritapopolnocy.pl\/index.php\/2016\/01\/12\/noworoczny-roz-i-zloto\/#article","isPartOf":{"@id":"https:\/\/margaritapopolnocy.pl\/index.php\/2016\/01\/12\/noworoczny-roz-i-zloto\/"},"author":{"name":"Margarita","@id":"https:\/\/margaritapopolnocy.pl\/#\/schema\/person\/32aab65402d32695b32cf95c8b03ce20"},"headline":"Noworoczny r\u00f3\u017c i z\u0142oto","datePublished":"2016-01-12T13:14:00+00:00","dateModified":"2020-09-04T10:45:49+00:00","mainEntityOfPage":{"@id":"https:\/\/margaritapopolnocy.pl\/index.php\/2016\/01\/12\/noworoczny-roz-i-zloto\/"},"wordCount":244,"commentCount":1,"publisher":{"@id":"https:\/\/margaritapopolnocy.pl\/#\/schema\/person\/cd1ad7c3caf5ee645d85f5758c7bf136"},"image":{"@id":"https:\/\/margaritapopolnocy.pl\/index.php\/2016\/01\/12\/noworoczny-roz-i-zloto\/#primaryimage"},"thumbnailUrl":"https:\/\/margaritapopolnocy.pl\/wp-content\/uploads\/2016\/01\/2.jpg","articleSection":["Przepisy","W kuchni"],"inLanguage":"pl-PL","potentialAction":[{"@type":"CommentAction","name":"Comment","target":["https:\/\/margaritapopolnocy.pl\/index.php\/2016\/01\/12\/noworoczny-roz-i-zloto\/#respond"]}]},{"@type":"WebPage","@id":"https:\/\/margaritapopolnocy.pl\/index.php\/2016\/01\/12\/noworoczny-roz-i-zloto\/","url":"https:\/\/margaritapopolnocy.pl\/index.php\/2016\/01\/12\/noworoczny-roz-i-zloto\/","name":"Noworoczny r\u00f3\u017c i z\u0142oto - Margarita po p\u00f3\u0142nocy","isPartOf":{"@id":"https:\/\/margaritapopolnocy.pl\/#website"},"primaryImageOfPage":{"@id":"https:\/\/margaritapopolnocy.pl\/index.php\/2016\/01\/12\/noworoczny-roz-i-zloto\/#primaryimage"},"image":{"@id":"https:\/\/margaritapopolnocy.pl\/index.php\/2016\/01\/12\/noworoczny-roz-i-zloto\/#primaryimage"},"thumbnailUrl":"https:\/\/margaritapopolnocy.pl\/wp-content\/uploads\/2016\/01\/2.jpg","datePublished":"2016-01-12T13:14:00+00:00","dateModified":"2020-09-04T10:45:49+00:00","breadcrumb":{"@id":"https:\/\/margaritapopolnocy.pl\/index.php\/2016\/01\/12\/noworoczny-roz-i-zloto\/#breadcrumb"},"inLanguage":"pl-PL","potentialAction":[{"@type":"ReadAction","target":["https:\/\/margaritapopolnocy.pl\/index.php\/2016\/01\/12\/noworoczny-roz-i-zloto\/"]}]},{"@type":"ImageObject","inLanguage":"pl-PL","@id":"https:\/\/margaritapopolnocy.pl\/index.php\/2016\/01\/12\/noworoczny-roz-i-zloto\/#primaryimage","url":"https:\/\/margaritapopolnocy.pl\/wp-content\/uploads\/2016\/01\/2.jpg","contentUrl":"https:\/\/margaritapopolnocy.pl\/wp-content\/uploads\/2016\/01\/2.jpg","width":640,"height":477},{"@type":"BreadcrumbList","@id":"https:\/\/margaritapopolnocy.pl\/index.php\/2016\/01\/12\/noworoczny-roz-i-zloto\/#breadcrumb","itemListElement":[{"@type":"ListItem","position":1,"name":"Strona g\u0142\u00f3wna","item":"https:\/\/margaritapopolnocy.pl\/"},{"@type":"ListItem","position":2,"name":"Noworoczny r\u00f3\u017c i z\u0142oto"}]},{"@type":"WebSite","@id":"https:\/\/margaritapopolnocy.pl\/#website","url":"https:\/\/margaritapopolnocy.pl\/","name":"Margarita po p\u00f3\u0142nocy","description":"Jedzenie w kulturze i kultura w jedzeniu","publisher":{"@id":"https:\/\/margaritapopolnocy.pl\/#\/schema\/person\/cd1ad7c3caf5ee645d85f5758c7bf136"},"potentialAction":[{"@type":"SearchAction","target":{"@type":"EntryPoint","urlTemplate":"https:\/\/margaritapopolnocy.pl\/?s={search_term_string}"},"query-input":{"@type":"PropertyValueSpecification","valueRequired":true,"valueName":"search_term_string"}}],"inLanguage":"pl-PL"},{"@type":["Person","Organization"],"@id":"https:\/\/margaritapopolnocy.pl\/#\/schema\/person\/cd1ad7c3caf5ee645d85f5758c7bf136","name":"Margarita","image":{"@type":"ImageObject","inLanguage":"pl-PL","@id":"https:\/\/margaritapopolnocy.pl\/wp-content\/uploads\/2020\/09\/cropped-naglowek7-4.png","url":"https:\/\/margaritapopolnocy.pl\/wp-content\/uploads\/2020\/09\/cropped-naglowek7-4.png","contentUrl":"https:\/\/margaritapopolnocy.pl\/wp-content\/uploads\/2020\/09\/cropped-naglowek7-4.png","width":668,"height":403,"caption":"Margarita"},"logo":{"@id":"https:\/\/margaritapopolnocy.pl\/wp-content\/uploads\/2020\/09\/cropped-naglowek7-4.png"},"sameAs":["https:\/\/margaritapopolnocy.pl\/","https:\/\/www.facebook.com\/margaritapopolnocy","https:\/\/www.instagram.com\/margarita_popolnocy\/"]},{"@type":"Person","@id":"https:\/\/margaritapopolnocy.pl\/#\/schema\/person\/32aab65402d32695b32cf95c8b03ce20","name":"Margarita","image":{"@type":"ImageObject","inLanguage":"pl-PL","@id":"https:\/\/secure.gravatar.com\/avatar\/?s=96&d=mm&r=g","url":"https:\/\/secure.gravatar.com\/avatar\/?s=96&d=mm&r=g","contentUrl":"https:\/\/secure.gravatar.com\/avatar\/?s=96&d=mm&r=g","caption":"Margarita"},"url":"https:\/\/margaritapopolnocy.pl\/index.php\/author\/margarita\/"}]}},"_links":{"self":[{"href":"https:\/\/margaritapopolnocy.pl\/index.php\/wp-json\/wp\/v2\/posts\/246","targetHints":{"allow":["GET"]}}],"collection":[{"href":"https:\/\/margaritapopolnocy.pl\/index.php\/wp-json\/wp\/v2\/posts"}],"about":[{"href":"https:\/\/margaritapopolnocy.pl\/index.php\/wp-json\/wp\/v2\/types\/post"}],"author":[{"embeddable":true,"href":"https:\/\/margaritapopolnocy.pl\/index.php\/wp-json\/wp\/v2\/users\/4"}],"replies":[{"embeddable":true,"href":"https:\/\/margaritapopolnocy.pl\/index.php\/wp-json\/wp\/v2\/comments?post=246"}],"version-history":[{"count":2,"href":"https:\/\/margaritapopolnocy.pl\/index.php\/wp-json\/wp\/v2\/posts\/246\/revisions"}],"predecessor-version":[{"id":516,"href":"https:\/\/margaritapopolnocy.pl\/index.php\/wp-json\/wp\/v2\/posts\/246\/revisions\/516"}],"wp:featuredmedia":[{"embeddable":true,"href":"https:\/\/margaritapopolnocy.pl\/index.php\/wp-json\/wp\/v2\/media\/515"}],"wp:attachment":[{"href":"https:\/\/margaritapopolnocy.pl\/index.php\/wp-json\/wp\/v2\/media?parent=246"}],"wp:term":[{"taxonomy":"category","embeddable":true,"href":"https:\/\/margaritapopolnocy.pl\/index.php\/wp-json\/wp\/v2\/categories?post=246"},{"taxonomy":"post_tag","embeddable":true,"href":"https:\/\/margaritapopolnocy.pl\/index.php\/wp-json\/wp\/v2\/tags?post=246"}],"curies":[{"name":"wp","href":"https:\/\/api.w.org\/{rel}","templated":true}]}}