{"id":248,"date":"2015-12-30T23:11:00","date_gmt":"2015-12-30T22:11:00","guid":{"rendered":"http:\/\/margaritapopolnocy.pl\/index.php\/2015\/12\/30\/sylwestrowe-przemyslenia-przy-jablkowym-grzancu\/"},"modified":"2020-09-04T12:46:39","modified_gmt":"2020-09-04T10:46:39","slug":"sylwestrowe-przemyslenia-przy-jablkowym-grzancu","status":"publish","type":"post","link":"https:\/\/margaritapopolnocy.pl\/index.php\/2015\/12\/30\/sylwestrowe-przemyslenia-przy-jablkowym-grzancu\/","title":{"rendered":"Sylwestrowe przemy\u015blenia przy jab\u0142kowym grza\u0144cu"},"content":{"rendered":"<div style=\"text-align: justify;\">Z czym kojarzy nam si\u0119 sylwestrowa noc? Jest to dostojna chwila, przez wielu odbierana jako nowy pocz\u0105tek, pow\u00f3d do zmiany na lepsze, moment nowych postanowie\u0144 i mobilizacji do pracy nad sob\u0105. Skoro tak, to jak powinno wygl\u0105da\u0107 to \u015bwi\u0119to? Czy\u017c nie powinno by\u0107 eleganckie i wyszukane? Pe\u0142ne b\u0142ysku, przejmuj\u0105cego patosu &#8211; bo w ko\u0144cu rozpoczynamy <i>co\u015b nowego.<\/i>\u00a0Powinni\u015bmy ubra\u0107 wizytowy str\u00f3j, elegancko si\u0119 przygotowa\u0107.<\/div>\n<div style=\"text-align: justify;\"><\/div>\n<p><!--more--><\/p>\n<div style=\"text-align: justify;\">Dlaczego wi\u0119c Sylwester dla wielu os\u00f3b jest powodem do &#8222;dzikiej&#8221; imprezy? Koniec roku &#8211; ostatnia szansa? Dla niekt\u00f3rych wygl\u0105da to tak, jakby by\u0142a ich pierwsz\u0105 w \u017cyciu. Jakby by\u0142 to dopiero ich pierwszy \u0142yk alkoholu, jakby nie znali jego skutk\u00f3w i nie odkryli jeszcze w\u0142asnego umiaru. Zmagamy si\u0119 z przymusem szalonej zabawy &#8211; ka\u017cdy musi i\u015b\u0107 na imprez\u0119, nikt nie mo\u017ce siedzie\u0107 w domu. A mimo wszystko, jest to wiecz\u00f3r jak ka\u017cdy inny. Okazji do imprezowania jest wiele, to nie jest pierwsza i ostatnia taka chwila.<\/div>\n<div style=\"text-align: justify;\"><\/div>\n<div style=\"text-align: justify;\">Tu\u017c przed Sylwestrem zaczyna si\u0119 wielka akcja &#8211; zapraszania i wpraszania na ostatni\u0105 chwil\u0119. Bo kto jeszcze nie zrobi\u0142 plan\u00f3w, musi na si\u0142\u0119 jakie\u015b znale\u017a\u0107. Bo siedzie\u0107 w domu <i>nie wypada.<\/i>\u00a0Dlatego te\u017c zbyt cz\u0119sto ko\u0144czymy na s\u0142abej imprezie, w\u015br\u00f3d ludzi, z kt\u00f3rymi wcale nie chcemy sp\u0119dzi\u0107 ostatniego dnia roku.<\/div>\n<div style=\"text-align: justify;\">Chwila przed p\u00f3\u0142noc\u0105 lub d\u0142u\u017csza po &#8211; moment odliczania i otwierania szampana. Zauwa\u017ccie &#8211; nigdy r\u00f3wno o p\u00f3\u0142nocy si\u0119 to nie zdarza \ud83d\ude42 Je\u015bli nie wierzycie i tegorocznego Sylwestra sp\u0119dzacie w domu, polecam przez okno spojrze\u0107 nie tylko w g\u00f3r\u0119, na niebo pe\u0142ne fajerwerk\u00f3w, ale tak\u017ce w d\u00f3l, na chodnik pe\u0142en pijanych os\u00f3b. Nikt, dos\u0142ownie NIKT wychodz\u0105cy z konkretnego typu imprezy nie trafi w odpowiedni\u0105 godzin\u0119.<\/div>\n<div style=\"text-align: justify;\"><\/div>\n<div style=\"text-align: justify;\">A mo\u017ce by\u0107 tak mi\u0142o. Mo\u017cna sp\u0119dzi\u0107 ten czas z paroma znajomymi, kt\u00f3rych naprawd\u0119 cenimy. Sp\u0119dzi\u0107 normalny wiecz\u00f3r, przy dobrym jedzeniu, paru drinkach i ciekawej rozmowie. Zapewniam, \u017ce z takiego wieczoru mo\u017cna wynie\u015b\u0107 co\u015b wi\u0119cej ni\u017c b\u00f3l g\u0142owy nad ranem i luki w pami\u0119ci.<\/div>\n<div style=\"text-align: justify;\"><\/div>\n<div style=\"text-align: justify;\">Jednak \u017ceby nie by\u0142o, \u017ce krytykuj\u0119 wszystkich imprezuj\u0105cych &#8211; to nie tak. Sama \u015bwi\u0119ta nie jestem, z alkoholem czasami tak\u017ce zdarza mi si\u0119 przesadzi\u0107. Ale! S\u0105 jakie\u015b granice. Je\u015bli \u015bwi\u0119tujemy &#8211; trzymajmy si\u0119 w\u0142a\u015bnie tej swojej granicy. Przekroczenie jej w sylwestrow\u0105 noc nie jest niczym wyj\u0105tkowym i nobilituj\u0105cym. I nie czujmy si\u0119 zobligowani do tego, by <i>szale\u0107<\/i> na imprezie. Mam wra\u017cenie, \u017ce zbyt wiele os\u00f3b odczuwa tak\u0105 presj\u0119 z okazji ko\u0144ca roku. Naprawd\u0119, mo\u017cna inaczej.<\/div>\n<div style=\"text-align: justify;\"><\/div>\n<div style=\"clear: both; text-align: center;\"><img loading=\"lazy\" decoding=\"async\" class=\"aligncenter\" title=\"Grzaniec jab\u0142kowy, sylwester\" src=\"https:\/\/2.bp.blogspot.com\/--Rcio5ezwUs\/VoAoJ0_Nm_I\/AAAAAAAABLg\/NNGMiazjFSM\/s640\/4.jpg\" alt=\"\" width=\"640\" height=\"478\" border=\"0\" \/><\/div>\n<div style=\"clear: both; text-align: center;\"><img loading=\"lazy\" decoding=\"async\" class=\"aligncenter\" title=\"Grzaniec jab\u0142kowy, sylwester\" src=\"https:\/\/2.bp.blogspot.com\/-XZcR9JlIYb4\/VoAt-yrZ-HI\/AAAAAAAABLw\/C-WIW0cV8ew\/s640\/8.jpg\" alt=\"\" width=\"640\" height=\"478\" border=\"0\" \/><\/div>\n<div style=\"text-align: justify;\"><\/div>\n<div style=\"text-align: justify;\">Bohaterem wpisu jest wyj\u0105tkowy grzaniec: z pieczonymi jab\u0142kami, gruszkami, pomara\u0144cz\u0105, przyprawami, sokiem jab\u0142kowym oraz.. \u017cubr\u00f3wk\u0105. \u015awietny <b><span style=\"color: #c27ba0;\"><a href=\"http:\/\/kukbuk.com.pl\/przepis\/4246,jablkowy-grzaniec\" target=\"_blank\" rel=\"noopener\">kukbukowy przepis, o tutaj w\u0142a\u015bnie.<\/a> <\/span><\/b>Cudowny zapach, g\u0142\u0119boki smak jab\u0142ek i baaardzo rozgrzewaj\u0105cy. Gor\u0105co polecam!<\/div>\n<div style=\"text-align: justify;\"><\/div>\n<div style=\"text-align: justify;\">I wszystkiego najlepszego w Nowym Roku &#8211; by wszelkie dobre postanowienia okaza\u0142y si\u0119 realne i rozgo\u015bci\u0142y si\u0119 w Waszym \u017cyciu \ud83d\ude42<\/div>\n","protected":false},"excerpt":{"rendered":"<p>Z czym kojarzy nam si\u0119 sylwestrowa noc? Jest to dostojna chwila, przez wielu odbierana jako nowy pocz\u0105tek, pow\u00f3d do zmiany na lepsze, moment nowych postanowie\u0144 i mobilizacji do pracy nad sob\u0105. Skoro tak, to jak powinno wygl\u0105da\u0107 to \u015bwi\u0119to? Czy\u017c nie powinno by\u0107 eleganckie i wyszukane? Pe\u0142ne b\u0142ysku, przejmuj\u0105cego patosu &#8211; bo w ko\u0144cu rozpoczynamy co\u015b nowego.\u00a0Powinni\u015bmy ubra\u0107 wizytowy str\u00f3j,<\/p>\n","protected":false},"author":4,"featured_media":0,"comment_status":"open","ping_status":"open","sticky":false,"template":"","format":"standard","meta":{"_editorskit_title_hidden":false,"_editorskit_reading_time":0,"_editorskit_is_block_options_detached":false,"_editorskit_block_options_position":"{}","footnotes":""},"categories":[14,6],"tags":[],"class_list":["post-248","post","type-post","status-publish","format-standard","hentry","category-rozwazania","category-w-kuchni"],"yoast_head":"<!-- This site is optimized with the Yoast SEO plugin v27.5 - https:\/\/yoast.com\/product\/yoast-seo-wordpress\/ -->\n<title>Sylwestrowe przemy\u015blenia przy jab\u0142kowym grza\u0144cu - Margarita po p\u00f3\u0142nocy<\/title>\n<meta name=\"robots\" content=\"index, follow, max-snippet:-1, max-image-preview:large, max-video-preview:-1\" \/>\n<link rel=\"canonical\" href=\"https:\/\/margaritapopolnocy.pl\/index.php\/2015\/12\/30\/sylwestrowe-przemyslenia-przy-jablkowym-grzancu\/\" \/>\n<meta property=\"og:locale\" content=\"pl_PL\" \/>\n<meta property=\"og:type\" content=\"article\" \/>\n<meta property=\"og:title\" content=\"Sylwestrowe przemy\u015blenia przy jab\u0142kowym grza\u0144cu - Margarita po p\u00f3\u0142nocy\" \/>\n<meta property=\"og:description\" content=\"Z czym kojarzy nam si\u0119 sylwestrowa noc? Jest to dostojna chwila, przez wielu odbierana jako nowy pocz\u0105tek, pow\u00f3d do zmiany na lepsze, moment nowych postanowie\u0144 i mobilizacji do pracy nad sob\u0105. Skoro tak, to jak powinno wygl\u0105da\u0107 to \u015bwi\u0119to? Czy\u017c nie powinno by\u0107 eleganckie i wyszukane? Pe\u0142ne b\u0142ysku, przejmuj\u0105cego patosu &#8211; bo w ko\u0144cu rozpoczynamy co\u015b nowego.\u00a0Powinni\u015bmy ubra\u0107 wizytowy str\u00f3j,\" \/>\n<meta property=\"og:url\" content=\"https:\/\/margaritapopolnocy.pl\/index.php\/2015\/12\/30\/sylwestrowe-przemyslenia-przy-jablkowym-grzancu\/\" \/>\n<meta property=\"og:site_name\" content=\"Margarita po p\u00f3\u0142nocy\" \/>\n<meta property=\"article:publisher\" content=\"https:\/\/www.facebook.com\/margaritapopolnocy\" \/>\n<meta property=\"article:published_time\" content=\"2015-12-30T22:11:00+00:00\" \/>\n<meta property=\"article:modified_time\" content=\"2020-09-04T10:46:39+00:00\" \/>\n<meta property=\"og:image\" content=\"https:\/\/2.bp.blogspot.com\/--Rcio5ezwUs\/VoAoJ0_Nm_I\/AAAAAAAABLg\/NNGMiazjFSM\/s640\/4.jpg\" \/>\n<meta name=\"author\" content=\"Margarita\" \/>\n<meta name=\"twitter:card\" content=\"summary_large_image\" \/>\n<meta name=\"twitter:label1\" content=\"Napisane przez\" \/>\n\t<meta name=\"twitter:data1\" content=\"Margarita\" \/>\n\t<meta name=\"twitter:label2\" content=\"Szacowany czas czytania\" \/>\n\t<meta name=\"twitter:data2\" content=\"3 minuty\" \/>\n<script type=\"application\/ld+json\" class=\"yoast-schema-graph\">{\"@context\":\"https:\\\/\\\/schema.org\",\"@graph\":[{\"@type\":\"Article\",\"@id\":\"https:\\\/\\\/margaritapopolnocy.pl\\\/index.php\\\/2015\\\/12\\\/30\\\/sylwestrowe-przemyslenia-przy-jablkowym-grzancu\\\/#article\",\"isPartOf\":{\"@id\":\"https:\\\/\\\/margaritapopolnocy.pl\\\/index.php\\\/2015\\\/12\\\/30\\\/sylwestrowe-przemyslenia-przy-jablkowym-grzancu\\\/\"},\"author\":{\"name\":\"Margarita\",\"@id\":\"https:\\\/\\\/margaritapopolnocy.pl\\\/#\\\/schema\\\/person\\\/32aab65402d32695b32cf95c8b03ce20\"},\"headline\":\"Sylwestrowe przemy\u015blenia przy jab\u0142kowym grza\u0144cu\",\"datePublished\":\"2015-12-30T22:11:00+00:00\",\"dateModified\":\"2020-09-04T10:46:39+00:00\",\"mainEntityOfPage\":{\"@id\":\"https:\\\/\\\/margaritapopolnocy.pl\\\/index.php\\\/2015\\\/12\\\/30\\\/sylwestrowe-przemyslenia-przy-jablkowym-grzancu\\\/\"},\"wordCount\":529,\"commentCount\":2,\"publisher\":{\"@id\":\"https:\\\/\\\/margaritapopolnocy.pl\\\/#\\\/schema\\\/person\\\/cd1ad7c3caf5ee645d85f5758c7bf136\"},\"image\":{\"@id\":\"https:\\\/\\\/margaritapopolnocy.pl\\\/index.php\\\/2015\\\/12\\\/30\\\/sylwestrowe-przemyslenia-przy-jablkowym-grzancu\\\/#primaryimage\"},\"thumbnailUrl\":\"https:\\\/\\\/2.bp.blogspot.com\\\/--Rcio5ezwUs\\\/VoAoJ0_Nm_I\\\/AAAAAAAABLg\\\/NNGMiazjFSM\\\/s640\\\/4.jpg\",\"articleSection\":[\"Rozwa\u017cania\",\"W kuchni\"],\"inLanguage\":\"pl-PL\",\"potentialAction\":[{\"@type\":\"CommentAction\",\"name\":\"Comment\",\"target\":[\"https:\\\/\\\/margaritapopolnocy.pl\\\/index.php\\\/2015\\\/12\\\/30\\\/sylwestrowe-przemyslenia-przy-jablkowym-grzancu\\\/#respond\"]}]},{\"@type\":\"WebPage\",\"@id\":\"https:\\\/\\\/margaritapopolnocy.pl\\\/index.php\\\/2015\\\/12\\\/30\\\/sylwestrowe-przemyslenia-przy-jablkowym-grzancu\\\/\",\"url\":\"https:\\\/\\\/margaritapopolnocy.pl\\\/index.php\\\/2015\\\/12\\\/30\\\/sylwestrowe-przemyslenia-przy-jablkowym-grzancu\\\/\",\"name\":\"Sylwestrowe przemy\u015blenia przy jab\u0142kowym grza\u0144cu - Margarita po p\u00f3\u0142nocy\",\"isPartOf\":{\"@id\":\"https:\\\/\\\/margaritapopolnocy.pl\\\/#website\"},\"primaryImageOfPage\":{\"@id\":\"https:\\\/\\\/margaritapopolnocy.pl\\\/index.php\\\/2015\\\/12\\\/30\\\/sylwestrowe-przemyslenia-przy-jablkowym-grzancu\\\/#primaryimage\"},\"image\":{\"@id\":\"https:\\\/\\\/margaritapopolnocy.pl\\\/index.php\\\/2015\\\/12\\\/30\\\/sylwestrowe-przemyslenia-przy-jablkowym-grzancu\\\/#primaryimage\"},\"thumbnailUrl\":\"https:\\\/\\\/2.bp.blogspot.com\\\/--Rcio5ezwUs\\\/VoAoJ0_Nm_I\\\/AAAAAAAABLg\\\/NNGMiazjFSM\\\/s640\\\/4.jpg\",\"datePublished\":\"2015-12-30T22:11:00+00:00\",\"dateModified\":\"2020-09-04T10:46:39+00:00\",\"breadcrumb\":{\"@id\":\"https:\\\/\\\/margaritapopolnocy.pl\\\/index.php\\\/2015\\\/12\\\/30\\\/sylwestrowe-przemyslenia-przy-jablkowym-grzancu\\\/#breadcrumb\"},\"inLanguage\":\"pl-PL\",\"potentialAction\":[{\"@type\":\"ReadAction\",\"target\":[\"https:\\\/\\\/margaritapopolnocy.pl\\\/index.php\\\/2015\\\/12\\\/30\\\/sylwestrowe-przemyslenia-przy-jablkowym-grzancu\\\/\"]}]},{\"@type\":\"ImageObject\",\"inLanguage\":\"pl-PL\",\"@id\":\"https:\\\/\\\/margaritapopolnocy.pl\\\/index.php\\\/2015\\\/12\\\/30\\\/sylwestrowe-przemyslenia-przy-jablkowym-grzancu\\\/#primaryimage\",\"url\":\"https:\\\/\\\/2.bp.blogspot.com\\\/--Rcio5ezwUs\\\/VoAoJ0_Nm_I\\\/AAAAAAAABLg\\\/NNGMiazjFSM\\\/s640\\\/4.jpg\",\"contentUrl\":\"https:\\\/\\\/2.bp.blogspot.com\\\/--Rcio5ezwUs\\\/VoAoJ0_Nm_I\\\/AAAAAAAABLg\\\/NNGMiazjFSM\\\/s640\\\/4.jpg\"},{\"@type\":\"BreadcrumbList\",\"@id\":\"https:\\\/\\\/margaritapopolnocy.pl\\\/index.php\\\/2015\\\/12\\\/30\\\/sylwestrowe-przemyslenia-przy-jablkowym-grzancu\\\/#breadcrumb\",\"itemListElement\":[{\"@type\":\"ListItem\",\"position\":1,\"name\":\"Strona g\u0142\u00f3wna\",\"item\":\"https:\\\/\\\/margaritapopolnocy.pl\\\/\"},{\"@type\":\"ListItem\",\"position\":2,\"name\":\"Sylwestrowe przemy\u015blenia przy jab\u0142kowym grza\u0144cu\"}]},{\"@type\":\"WebSite\",\"@id\":\"https:\\\/\\\/margaritapopolnocy.pl\\\/#website\",\"url\":\"https:\\\/\\\/margaritapopolnocy.pl\\\/\",\"name\":\"Margarita po p\u00f3\u0142nocy\",\"description\":\"Jedzenie w kulturze i kultura w jedzeniu\",\"publisher\":{\"@id\":\"https:\\\/\\\/margaritapopolnocy.pl\\\/#\\\/schema\\\/person\\\/cd1ad7c3caf5ee645d85f5758c7bf136\"},\"potentialAction\":[{\"@type\":\"SearchAction\",\"target\":{\"@type\":\"EntryPoint\",\"urlTemplate\":\"https:\\\/\\\/margaritapopolnocy.pl\\\/?s={search_term_string}\"},\"query-input\":{\"@type\":\"PropertyValueSpecification\",\"valueRequired\":true,\"valueName\":\"search_term_string\"}}],\"inLanguage\":\"pl-PL\"},{\"@type\":[\"Person\",\"Organization\"],\"@id\":\"https:\\\/\\\/margaritapopolnocy.pl\\\/#\\\/schema\\\/person\\\/cd1ad7c3caf5ee645d85f5758c7bf136\",\"name\":\"Margarita\",\"image\":{\"@type\":\"ImageObject\",\"inLanguage\":\"pl-PL\",\"@id\":\"https:\\\/\\\/margaritapopolnocy.pl\\\/wp-content\\\/uploads\\\/2020\\\/09\\\/cropped-naglowek7-4.png\",\"url\":\"https:\\\/\\\/margaritapopolnocy.pl\\\/wp-content\\\/uploads\\\/2020\\\/09\\\/cropped-naglowek7-4.png\",\"contentUrl\":\"https:\\\/\\\/margaritapopolnocy.pl\\\/wp-content\\\/uploads\\\/2020\\\/09\\\/cropped-naglowek7-4.png\",\"width\":668,\"height\":403,\"caption\":\"Margarita\"},\"logo\":{\"@id\":\"https:\\\/\\\/margaritapopolnocy.pl\\\/wp-content\\\/uploads\\\/2020\\\/09\\\/cropped-naglowek7-4.png\"},\"sameAs\":[\"https:\\\/\\\/margaritapopolnocy.pl\\\/\",\"https:\\\/\\\/www.facebook.com\\\/margaritapopolnocy\",\"https:\\\/\\\/www.instagram.com\\\/margarita_popolnocy\\\/\"]},{\"@type\":\"Person\",\"@id\":\"https:\\\/\\\/margaritapopolnocy.pl\\\/#\\\/schema\\\/person\\\/32aab65402d32695b32cf95c8b03ce20\",\"name\":\"Margarita\",\"image\":{\"@type\":\"ImageObject\",\"inLanguage\":\"pl-PL\",\"@id\":\"https:\\\/\\\/secure.gravatar.com\\\/avatar\\\/?s=96&d=mm&r=g\",\"url\":\"https:\\\/\\\/secure.gravatar.com\\\/avatar\\\/?s=96&d=mm&r=g\",\"contentUrl\":\"https:\\\/\\\/secure.gravatar.com\\\/avatar\\\/?s=96&d=mm&r=g\",\"caption\":\"Margarita\"},\"url\":\"https:\\\/\\\/margaritapopolnocy.pl\\\/index.php\\\/author\\\/margarita\\\/\"}]}<\/script>\n<!-- \/ Yoast SEO plugin. -->","yoast_head_json":{"title":"Sylwestrowe przemy\u015blenia przy jab\u0142kowym grza\u0144cu - Margarita po p\u00f3\u0142nocy","robots":{"index":"index","follow":"follow","max-snippet":"max-snippet:-1","max-image-preview":"max-image-preview:large","max-video-preview":"max-video-preview:-1"},"canonical":"https:\/\/margaritapopolnocy.pl\/index.php\/2015\/12\/30\/sylwestrowe-przemyslenia-przy-jablkowym-grzancu\/","og_locale":"pl_PL","og_type":"article","og_title":"Sylwestrowe przemy\u015blenia przy jab\u0142kowym grza\u0144cu - Margarita po p\u00f3\u0142nocy","og_description":"Z czym kojarzy nam si\u0119 sylwestrowa noc? Jest to dostojna chwila, przez wielu odbierana jako nowy pocz\u0105tek, pow\u00f3d do zmiany na lepsze, moment nowych postanowie\u0144 i mobilizacji do pracy nad sob\u0105. Skoro tak, to jak powinno wygl\u0105da\u0107 to \u015bwi\u0119to? Czy\u017c nie powinno by\u0107 eleganckie i wyszukane? Pe\u0142ne b\u0142ysku, przejmuj\u0105cego patosu &#8211; bo w ko\u0144cu rozpoczynamy co\u015b nowego.\u00a0Powinni\u015bmy ubra\u0107 wizytowy str\u00f3j,","og_url":"https:\/\/margaritapopolnocy.pl\/index.php\/2015\/12\/30\/sylwestrowe-przemyslenia-przy-jablkowym-grzancu\/","og_site_name":"Margarita po p\u00f3\u0142nocy","article_publisher":"https:\/\/www.facebook.com\/margaritapopolnocy","article_published_time":"2015-12-30T22:11:00+00:00","article_modified_time":"2020-09-04T10:46:39+00:00","og_image":[{"url":"https:\/\/2.bp.blogspot.com\/--Rcio5ezwUs\/VoAoJ0_Nm_I\/AAAAAAAABLg\/NNGMiazjFSM\/s640\/4.jpg","type":"","width":"","height":""}],"author":"Margarita","twitter_card":"summary_large_image","twitter_misc":{"Napisane przez":"Margarita","Szacowany czas czytania":"3 minuty"},"schema":{"@context":"https:\/\/schema.org","@graph":[{"@type":"Article","@id":"https:\/\/margaritapopolnocy.pl\/index.php\/2015\/12\/30\/sylwestrowe-przemyslenia-przy-jablkowym-grzancu\/#article","isPartOf":{"@id":"https:\/\/margaritapopolnocy.pl\/index.php\/2015\/12\/30\/sylwestrowe-przemyslenia-przy-jablkowym-grzancu\/"},"author":{"name":"Margarita","@id":"https:\/\/margaritapopolnocy.pl\/#\/schema\/person\/32aab65402d32695b32cf95c8b03ce20"},"headline":"Sylwestrowe przemy\u015blenia przy jab\u0142kowym grza\u0144cu","datePublished":"2015-12-30T22:11:00+00:00","dateModified":"2020-09-04T10:46:39+00:00","mainEntityOfPage":{"@id":"https:\/\/margaritapopolnocy.pl\/index.php\/2015\/12\/30\/sylwestrowe-przemyslenia-przy-jablkowym-grzancu\/"},"wordCount":529,"commentCount":2,"publisher":{"@id":"https:\/\/margaritapopolnocy.pl\/#\/schema\/person\/cd1ad7c3caf5ee645d85f5758c7bf136"},"image":{"@id":"https:\/\/margaritapopolnocy.pl\/index.php\/2015\/12\/30\/sylwestrowe-przemyslenia-przy-jablkowym-grzancu\/#primaryimage"},"thumbnailUrl":"https:\/\/2.bp.blogspot.com\/--Rcio5ezwUs\/VoAoJ0_Nm_I\/AAAAAAAABLg\/NNGMiazjFSM\/s640\/4.jpg","articleSection":["Rozwa\u017cania","W kuchni"],"inLanguage":"pl-PL","potentialAction":[{"@type":"CommentAction","name":"Comment","target":["https:\/\/margaritapopolnocy.pl\/index.php\/2015\/12\/30\/sylwestrowe-przemyslenia-przy-jablkowym-grzancu\/#respond"]}]},{"@type":"WebPage","@id":"https:\/\/margaritapopolnocy.pl\/index.php\/2015\/12\/30\/sylwestrowe-przemyslenia-przy-jablkowym-grzancu\/","url":"https:\/\/margaritapopolnocy.pl\/index.php\/2015\/12\/30\/sylwestrowe-przemyslenia-przy-jablkowym-grzancu\/","name":"Sylwestrowe przemy\u015blenia przy jab\u0142kowym grza\u0144cu - Margarita po p\u00f3\u0142nocy","isPartOf":{"@id":"https:\/\/margaritapopolnocy.pl\/#website"},"primaryImageOfPage":{"@id":"https:\/\/margaritapopolnocy.pl\/index.php\/2015\/12\/30\/sylwestrowe-przemyslenia-przy-jablkowym-grzancu\/#primaryimage"},"image":{"@id":"https:\/\/margaritapopolnocy.pl\/index.php\/2015\/12\/30\/sylwestrowe-przemyslenia-przy-jablkowym-grzancu\/#primaryimage"},"thumbnailUrl":"https:\/\/2.bp.blogspot.com\/--Rcio5ezwUs\/VoAoJ0_Nm_I\/AAAAAAAABLg\/NNGMiazjFSM\/s640\/4.jpg","datePublished":"2015-12-30T22:11:00+00:00","dateModified":"2020-09-04T10:46:39+00:00","breadcrumb":{"@id":"https:\/\/margaritapopolnocy.pl\/index.php\/2015\/12\/30\/sylwestrowe-przemyslenia-przy-jablkowym-grzancu\/#breadcrumb"},"inLanguage":"pl-PL","potentialAction":[{"@type":"ReadAction","target":["https:\/\/margaritapopolnocy.pl\/index.php\/2015\/12\/30\/sylwestrowe-przemyslenia-przy-jablkowym-grzancu\/"]}]},{"@type":"ImageObject","inLanguage":"pl-PL","@id":"https:\/\/margaritapopolnocy.pl\/index.php\/2015\/12\/30\/sylwestrowe-przemyslenia-przy-jablkowym-grzancu\/#primaryimage","url":"https:\/\/2.bp.blogspot.com\/--Rcio5ezwUs\/VoAoJ0_Nm_I\/AAAAAAAABLg\/NNGMiazjFSM\/s640\/4.jpg","contentUrl":"https:\/\/2.bp.blogspot.com\/--Rcio5ezwUs\/VoAoJ0_Nm_I\/AAAAAAAABLg\/NNGMiazjFSM\/s640\/4.jpg"},{"@type":"BreadcrumbList","@id":"https:\/\/margaritapopolnocy.pl\/index.php\/2015\/12\/30\/sylwestrowe-przemyslenia-przy-jablkowym-grzancu\/#breadcrumb","itemListElement":[{"@type":"ListItem","position":1,"name":"Strona g\u0142\u00f3wna","item":"https:\/\/margaritapopolnocy.pl\/"},{"@type":"ListItem","position":2,"name":"Sylwestrowe przemy\u015blenia przy jab\u0142kowym grza\u0144cu"}]},{"@type":"WebSite","@id":"https:\/\/margaritapopolnocy.pl\/#website","url":"https:\/\/margaritapopolnocy.pl\/","name":"Margarita po p\u00f3\u0142nocy","description":"Jedzenie w kulturze i kultura w jedzeniu","publisher":{"@id":"https:\/\/margaritapopolnocy.pl\/#\/schema\/person\/cd1ad7c3caf5ee645d85f5758c7bf136"},"potentialAction":[{"@type":"SearchAction","target":{"@type":"EntryPoint","urlTemplate":"https:\/\/margaritapopolnocy.pl\/?s={search_term_string}"},"query-input":{"@type":"PropertyValueSpecification","valueRequired":true,"valueName":"search_term_string"}}],"inLanguage":"pl-PL"},{"@type":["Person","Organization"],"@id":"https:\/\/margaritapopolnocy.pl\/#\/schema\/person\/cd1ad7c3caf5ee645d85f5758c7bf136","name":"Margarita","image":{"@type":"ImageObject","inLanguage":"pl-PL","@id":"https:\/\/margaritapopolnocy.pl\/wp-content\/uploads\/2020\/09\/cropped-naglowek7-4.png","url":"https:\/\/margaritapopolnocy.pl\/wp-content\/uploads\/2020\/09\/cropped-naglowek7-4.png","contentUrl":"https:\/\/margaritapopolnocy.pl\/wp-content\/uploads\/2020\/09\/cropped-naglowek7-4.png","width":668,"height":403,"caption":"Margarita"},"logo":{"@id":"https:\/\/margaritapopolnocy.pl\/wp-content\/uploads\/2020\/09\/cropped-naglowek7-4.png"},"sameAs":["https:\/\/margaritapopolnocy.pl\/","https:\/\/www.facebook.com\/margaritapopolnocy","https:\/\/www.instagram.com\/margarita_popolnocy\/"]},{"@type":"Person","@id":"https:\/\/margaritapopolnocy.pl\/#\/schema\/person\/32aab65402d32695b32cf95c8b03ce20","name":"Margarita","image":{"@type":"ImageObject","inLanguage":"pl-PL","@id":"https:\/\/secure.gravatar.com\/avatar\/?s=96&d=mm&r=g","url":"https:\/\/secure.gravatar.com\/avatar\/?s=96&d=mm&r=g","contentUrl":"https:\/\/secure.gravatar.com\/avatar\/?s=96&d=mm&r=g","caption":"Margarita"},"url":"https:\/\/margaritapopolnocy.pl\/index.php\/author\/margarita\/"}]}},"_links":{"self":[{"href":"https:\/\/margaritapopolnocy.pl\/index.php\/wp-json\/wp\/v2\/posts\/248","targetHints":{"allow":["GET"]}}],"collection":[{"href":"https:\/\/margaritapopolnocy.pl\/index.php\/wp-json\/wp\/v2\/posts"}],"about":[{"href":"https:\/\/margaritapopolnocy.pl\/index.php\/wp-json\/wp\/v2\/types\/post"}],"author":[{"embeddable":true,"href":"https:\/\/margaritapopolnocy.pl\/index.php\/wp-json\/wp\/v2\/users\/4"}],"replies":[{"embeddable":true,"href":"https:\/\/margaritapopolnocy.pl\/index.php\/wp-json\/wp\/v2\/comments?post=248"}],"version-history":[{"count":1,"href":"https:\/\/margaritapopolnocy.pl\/index.php\/wp-json\/wp\/v2\/posts\/248\/revisions"}],"predecessor-version":[{"id":517,"href":"https:\/\/margaritapopolnocy.pl\/index.php\/wp-json\/wp\/v2\/posts\/248\/revisions\/517"}],"wp:attachment":[{"href":"https:\/\/margaritapopolnocy.pl\/index.php\/wp-json\/wp\/v2\/media?parent=248"}],"wp:term":[{"taxonomy":"category","embeddable":true,"href":"https:\/\/margaritapopolnocy.pl\/index.php\/wp-json\/wp\/v2\/categories?post=248"},{"taxonomy":"post_tag","embeddable":true,"href":"https:\/\/margaritapopolnocy.pl\/index.php\/wp-json\/wp\/v2\/tags?post=248"}],"curies":[{"name":"wp","href":"https:\/\/api.w.org\/{rel}","templated":true}]}}