{"id":251,"date":"2015-12-10T20:50:00","date_gmt":"2015-12-10T19:50:00","guid":{"rendered":"http:\/\/margaritapopolnocy.pl\/index.php\/2015\/12\/10\/zapiekana-zupa-cebulowa-na-bialym-winie\/"},"modified":"2020-09-04T12:50:54","modified_gmt":"2020-09-04T10:50:54","slug":"zapiekana-zupa-cebulowa-na-bialym-winie","status":"publish","type":"post","link":"https:\/\/margaritapopolnocy.pl\/index.php\/2015\/12\/10\/zapiekana-zupa-cebulowa-na-bialym-winie\/","title":{"rendered":"Zapiekana zupa cebulowa na bia\u0142ym winie"},"content":{"rendered":"<div style=\"text-align: justify;\">Przepis jak\u017ce klasyczny i prosty, a kiedy\u015b zaskakuj\u0105co odmieni\u0142 m\u00f3j spos\u00f3b postrzegania zup. Danie, za kt\u00f3rym zbytnio nie przepadam nabra\u0142o innych barw! Co prawda, oczywistym jest fakt, \u017ce stan\u0119 si\u0119 fank\u0105 praktycznie ka\u017cdej potrawy, kt\u00f3ra w sk\u0142adzie ma grzanki i du\u017c\u0105 ilo\u015b\u0107 sera&#8230; Jednak ta propozycja sta\u0142a si\u0119 moim numerem jeden w\u015br\u00f3d zup.<\/div>\n<div style=\"text-align: justify;\"><\/div>\n<p><!--more--><\/p>\n<div style=\"text-align: justify;\">Gor\u0105ca zupa o z\u0142otej barwie jest idealna na ch\u0142odny wiecz\u00f3r. Warto w wyobra\u017ani przenie\u015b\u0107 si\u0119 do francuskiej kawiarenki na Montmartre i rozkoszowa\u0107 si\u0119 jej aromatem w wyj\u0105tkowych okoliczno\u015bciach \ud83d\ude42<\/div>\n<div style=\"clear: both; text-align: center;\"><img decoding=\"async\" src=\"https:\/\/1.bp.blogspot.com\/-sJnM1y9EPx8\/VmhD4IPufLI\/AAAAAAAABJk\/bG3dVLUY5CA\/s1600\/2.jpg\" border=\"0\" \/><\/div>\n<div style=\"clear: both; text-align: center;\"><img decoding=\"async\" src=\"https:\/\/3.bp.blogspot.com\/-7m2ydwibubc\/VmhD4JnL6xI\/AAAAAAAABJo\/Qb7zQomLGLU\/s1600\/3.jpg\" border=\"0\" \/><\/div>\n<div style=\"clear: both; text-align: center;\"><\/div>\n<div style=\"clear: both; text-align: justify;\"><b><span style=\"color: #c27ba0;\">S<span style=\"color: #c27ba0;\">k\u0142adniki<\/span>:<\/span><\/b><\/div>\n<div style=\"clear: both; text-align: justify;\"><span style=\"color: #c27ba0;\">1 kg cebuli<\/span><\/div>\n<div style=\"clear: both; text-align: justify;\"><span style=\"color: #c27ba0;\">\u017c\u00f3\u0142ty ser<\/span><\/div>\n<div style=\"clear: both; text-align: justify;\"><span style=\"color: #c27ba0;\">1,5 szklanki bia\u0142ego wina<\/span><\/div>\n<div style=\"clear: both; text-align: justify;\"><span style=\"color: #c27ba0;\">1 litr bulionu drobiowego<\/span><\/div>\n<div style=\"clear: both; text-align: justify;\"><span style=\"color: #c27ba0;\">1 \u0142y\u017cka koncentratu pomidorowego<\/span><\/div>\n<div style=\"clear: both; text-align: justify;\"><span style=\"color: #c27ba0;\">10 dag mas\u0142a<\/span><\/div>\n<div style=\"clear: both; text-align: justify;\"><span style=\"color: #c27ba0;\">nieca\u0142a \u0142y\u017cka cukru<\/span><\/div>\n<div style=\"clear: both; text-align: justify;\"><span style=\"color: #c27ba0;\">kilka kromek chleba lub bagietki<\/span><\/div>\n<div style=\"clear: both; text-align: justify;\"><span style=\"color: #c27ba0;\">s\u00f3l, pieprz<\/span><\/div>\n<div style=\"clear: both; text-align: justify;\"><span style=\"color: #c27ba0;\">\u00a0<\/span><\/div>\n<div style=\"clear: both; text-align: justify;\"><b><span style=\"color: #c27ba0;\">Przygotowanie:<\/span><\/b><\/div>\n<div style=\"clear: both; text-align: justify;\"><span style=\"color: #c27ba0;\">Obieramy i kroimy cebule. Sma\u017cymy na ma\u015ble na z\u0142oty kolor. Zalewamy bia\u0142ym winem, odparowujemy alkohol. Wlewamy bulion, dodajemy koncentrat i cukier.<\/span><\/div>\n<div style=\"clear: both; text-align: justify;\"><span style=\"color: #c27ba0;\">\u00a0Doprawiamy sol\u0105 i pieprzem. Gotujemy na ma\u0142ym ogniu oko\u0142o 30 minut.\u00a0<\/span><\/div>\n<div style=\"clear: both; text-align: justify;\"><span style=\"color: #c27ba0;\">Rozgrzewamy piekarnik do 200 stopni.\u00a0<\/span><\/div>\n<div style=\"clear: both; text-align: justify;\"><span style=\"color: #c27ba0;\">Chleb kroimy na grzanki, pieczemy do zrumienienia w piekarniku.\u00a0<\/span><\/div>\n<div style=\"clear: both; text-align: justify;\"><span style=\"color: #c27ba0;\">Gotow\u0105 zup\u0119 przelewamy do \u017caroodpornych misek, posypujemy grzankami i serem.\u00a0<\/span><\/div>\n<div style=\"clear: both; text-align: justify;\"><span style=\"color: #c27ba0;\">Wk\u0142adamy do piekarnika i zapiekamy oko\u0142o 10 minut.<\/span><\/div>\n<div style=\"clear: both; text-align: center;\"><\/div>\n<div style=\"clear: both; text-align: center;\"><img decoding=\"async\" src=\"https:\/\/3.bp.blogspot.com\/-ENzqNtHzkwI\/VmhD370EbRI\/AAAAAAAABJg\/x76rNqzPsns\/s1600\/1.jpg\" border=\"0\" \/><\/div>\n<div style=\"clear: both; text-align: center;\"><\/div>\n<div style=\"clear: both; text-align: center;\"><img decoding=\"async\" src=\"https:\/\/2.bp.blogspot.com\/-8ptaFl0srQQ\/VmhD4RkZnMI\/AAAAAAAABJs\/ZYaQWuWhRsg\/s1600\/4.jpg\" border=\"0\" \/><\/div>\n","protected":false},"excerpt":{"rendered":"<p>Przepis jak\u017ce klasyczny i prosty, a kiedy\u015b zaskakuj\u0105co odmieni\u0142 m\u00f3j spos\u00f3b postrzegania zup. Danie, za kt\u00f3rym zbytnio nie przepadam nabra\u0142o innych barw! Co prawda, oczywistym jest fakt, \u017ce stan\u0119 si\u0119 fank\u0105 praktycznie ka\u017cdej potrawy, kt\u00f3ra w sk\u0142adzie ma grzanki i du\u017c\u0105 ilo\u015b\u0107 sera&#8230; Jednak ta propozycja sta\u0142a si\u0119 moim numerem jeden w\u015br\u00f3d zup.<\/p>\n","protected":false},"author":4,"featured_media":523,"comment_status":"open","ping_status":"open","sticky":false,"template":"","format":"standard","meta":{"_editorskit_title_hidden":false,"_editorskit_reading_time":0,"_editorskit_is_block_options_detached":false,"_editorskit_block_options_position":"{}","footnotes":""},"categories":[13,6],"tags":[],"class_list":["post-251","post","type-post","status-publish","format-standard","has-post-thumbnail","hentry","category-przepisy","category-w-kuchni"],"yoast_head":"<!-- This site is optimized with the Yoast SEO plugin v27.5 - https:\/\/yoast.com\/product\/yoast-seo-wordpress\/ -->\n<title>Zapiekana zupa cebulowa na bia\u0142ym winie - Margarita po p\u00f3\u0142nocy<\/title>\n<meta name=\"robots\" content=\"index, follow, max-snippet:-1, max-image-preview:large, max-video-preview:-1\" \/>\n<link rel=\"canonical\" href=\"https:\/\/margaritapopolnocy.pl\/index.php\/2015\/12\/10\/zapiekana-zupa-cebulowa-na-bialym-winie\/\" \/>\n<meta property=\"og:locale\" content=\"pl_PL\" \/>\n<meta property=\"og:type\" content=\"article\" \/>\n<meta property=\"og:title\" content=\"Zapiekana zupa cebulowa na bia\u0142ym winie - Margarita po p\u00f3\u0142nocy\" \/>\n<meta property=\"og:description\" content=\"Przepis jak\u017ce klasyczny i prosty, a kiedy\u015b zaskakuj\u0105co odmieni\u0142 m\u00f3j spos\u00f3b postrzegania zup. Danie, za kt\u00f3rym zbytnio nie przepadam nabra\u0142o innych barw! Co prawda, oczywistym jest fakt, \u017ce stan\u0119 si\u0119 fank\u0105 praktycznie ka\u017cdej potrawy, kt\u00f3ra w sk\u0142adzie ma grzanki i du\u017c\u0105 ilo\u015b\u0107 sera&#8230; Jednak ta propozycja sta\u0142a si\u0119 moim numerem jeden w\u015br\u00f3d zup.\" \/>\n<meta property=\"og:url\" content=\"https:\/\/margaritapopolnocy.pl\/index.php\/2015\/12\/10\/zapiekana-zupa-cebulowa-na-bialym-winie\/\" \/>\n<meta property=\"og:site_name\" content=\"Margarita po p\u00f3\u0142nocy\" \/>\n<meta property=\"article:publisher\" content=\"https:\/\/www.facebook.com\/margaritapopolnocy\" \/>\n<meta property=\"article:published_time\" content=\"2015-12-10T19:50:00+00:00\" \/>\n<meta property=\"article:modified_time\" content=\"2020-09-04T10:50:54+00:00\" \/>\n<meta property=\"og:image\" content=\"https:\/\/margaritapopolnocy.pl\/wp-content\/uploads\/2015\/12\/4.jpg\" \/>\n\t<meta property=\"og:image:width\" content=\"593\" \/>\n\t<meta property=\"og:image:height\" content=\"600\" \/>\n\t<meta property=\"og:image:type\" content=\"image\/jpeg\" \/>\n<meta name=\"author\" content=\"Margarita\" \/>\n<meta name=\"twitter:card\" content=\"summary_large_image\" \/>\n<meta name=\"twitter:label1\" content=\"Napisane przez\" \/>\n\t<meta name=\"twitter:data1\" content=\"Margarita\" \/>\n\t<meta name=\"twitter:label2\" content=\"Szacowany czas czytania\" \/>\n\t<meta name=\"twitter:data2\" content=\"1 minuta\" \/>\n<script type=\"application\/ld+json\" class=\"yoast-schema-graph\">{\"@context\":\"https:\\\/\\\/schema.org\",\"@graph\":[{\"@type\":\"Article\",\"@id\":\"https:\\\/\\\/margaritapopolnocy.pl\\\/index.php\\\/2015\\\/12\\\/10\\\/zapiekana-zupa-cebulowa-na-bialym-winie\\\/#article\",\"isPartOf\":{\"@id\":\"https:\\\/\\\/margaritapopolnocy.pl\\\/index.php\\\/2015\\\/12\\\/10\\\/zapiekana-zupa-cebulowa-na-bialym-winie\\\/\"},\"author\":{\"name\":\"Margarita\",\"@id\":\"https:\\\/\\\/margaritapopolnocy.pl\\\/#\\\/schema\\\/person\\\/32aab65402d32695b32cf95c8b03ce20\"},\"headline\":\"Zapiekana zupa cebulowa na bia\u0142ym winie\",\"datePublished\":\"2015-12-10T19:50:00+00:00\",\"dateModified\":\"2020-09-04T10:50:54+00:00\",\"mainEntityOfPage\":{\"@id\":\"https:\\\/\\\/margaritapopolnocy.pl\\\/index.php\\\/2015\\\/12\\\/10\\\/zapiekana-zupa-cebulowa-na-bialym-winie\\\/\"},\"wordCount\":210,\"commentCount\":2,\"publisher\":{\"@id\":\"https:\\\/\\\/margaritapopolnocy.pl\\\/#\\\/schema\\\/person\\\/cd1ad7c3caf5ee645d85f5758c7bf136\"},\"image\":{\"@id\":\"https:\\\/\\\/margaritapopolnocy.pl\\\/index.php\\\/2015\\\/12\\\/10\\\/zapiekana-zupa-cebulowa-na-bialym-winie\\\/#primaryimage\"},\"thumbnailUrl\":\"https:\\\/\\\/margaritapopolnocy.pl\\\/wp-content\\\/uploads\\\/2015\\\/12\\\/4.jpg\",\"articleSection\":[\"Przepisy\",\"W kuchni\"],\"inLanguage\":\"pl-PL\",\"potentialAction\":[{\"@type\":\"CommentAction\",\"name\":\"Comment\",\"target\":[\"https:\\\/\\\/margaritapopolnocy.pl\\\/index.php\\\/2015\\\/12\\\/10\\\/zapiekana-zupa-cebulowa-na-bialym-winie\\\/#respond\"]}]},{\"@type\":\"WebPage\",\"@id\":\"https:\\\/\\\/margaritapopolnocy.pl\\\/index.php\\\/2015\\\/12\\\/10\\\/zapiekana-zupa-cebulowa-na-bialym-winie\\\/\",\"url\":\"https:\\\/\\\/margaritapopolnocy.pl\\\/index.php\\\/2015\\\/12\\\/10\\\/zapiekana-zupa-cebulowa-na-bialym-winie\\\/\",\"name\":\"Zapiekana zupa cebulowa na bia\u0142ym winie - Margarita po p\u00f3\u0142nocy\",\"isPartOf\":{\"@id\":\"https:\\\/\\\/margaritapopolnocy.pl\\\/#website\"},\"primaryImageOfPage\":{\"@id\":\"https:\\\/\\\/margaritapopolnocy.pl\\\/index.php\\\/2015\\\/12\\\/10\\\/zapiekana-zupa-cebulowa-na-bialym-winie\\\/#primaryimage\"},\"image\":{\"@id\":\"https:\\\/\\\/margaritapopolnocy.pl\\\/index.php\\\/2015\\\/12\\\/10\\\/zapiekana-zupa-cebulowa-na-bialym-winie\\\/#primaryimage\"},\"thumbnailUrl\":\"https:\\\/\\\/margaritapopolnocy.pl\\\/wp-content\\\/uploads\\\/2015\\\/12\\\/4.jpg\",\"datePublished\":\"2015-12-10T19:50:00+00:00\",\"dateModified\":\"2020-09-04T10:50:54+00:00\",\"breadcrumb\":{\"@id\":\"https:\\\/\\\/margaritapopolnocy.pl\\\/index.php\\\/2015\\\/12\\\/10\\\/zapiekana-zupa-cebulowa-na-bialym-winie\\\/#breadcrumb\"},\"inLanguage\":\"pl-PL\",\"potentialAction\":[{\"@type\":\"ReadAction\",\"target\":[\"https:\\\/\\\/margaritapopolnocy.pl\\\/index.php\\\/2015\\\/12\\\/10\\\/zapiekana-zupa-cebulowa-na-bialym-winie\\\/\"]}]},{\"@type\":\"ImageObject\",\"inLanguage\":\"pl-PL\",\"@id\":\"https:\\\/\\\/margaritapopolnocy.pl\\\/index.php\\\/2015\\\/12\\\/10\\\/zapiekana-zupa-cebulowa-na-bialym-winie\\\/#primaryimage\",\"url\":\"https:\\\/\\\/margaritapopolnocy.pl\\\/wp-content\\\/uploads\\\/2015\\\/12\\\/4.jpg\",\"contentUrl\":\"https:\\\/\\\/margaritapopolnocy.pl\\\/wp-content\\\/uploads\\\/2015\\\/12\\\/4.jpg\",\"width\":593,\"height\":600},{\"@type\":\"BreadcrumbList\",\"@id\":\"https:\\\/\\\/margaritapopolnocy.pl\\\/index.php\\\/2015\\\/12\\\/10\\\/zapiekana-zupa-cebulowa-na-bialym-winie\\\/#breadcrumb\",\"itemListElement\":[{\"@type\":\"ListItem\",\"position\":1,\"name\":\"Strona g\u0142\u00f3wna\",\"item\":\"https:\\\/\\\/margaritapopolnocy.pl\\\/\"},{\"@type\":\"ListItem\",\"position\":2,\"name\":\"Zapiekana zupa cebulowa na bia\u0142ym winie\"}]},{\"@type\":\"WebSite\",\"@id\":\"https:\\\/\\\/margaritapopolnocy.pl\\\/#website\",\"url\":\"https:\\\/\\\/margaritapopolnocy.pl\\\/\",\"name\":\"Margarita po p\u00f3\u0142nocy\",\"description\":\"Jedzenie w kulturze i kultura w jedzeniu\",\"publisher\":{\"@id\":\"https:\\\/\\\/margaritapopolnocy.pl\\\/#\\\/schema\\\/person\\\/cd1ad7c3caf5ee645d85f5758c7bf136\"},\"potentialAction\":[{\"@type\":\"SearchAction\",\"target\":{\"@type\":\"EntryPoint\",\"urlTemplate\":\"https:\\\/\\\/margaritapopolnocy.pl\\\/?s={search_term_string}\"},\"query-input\":{\"@type\":\"PropertyValueSpecification\",\"valueRequired\":true,\"valueName\":\"search_term_string\"}}],\"inLanguage\":\"pl-PL\"},{\"@type\":[\"Person\",\"Organization\"],\"@id\":\"https:\\\/\\\/margaritapopolnocy.pl\\\/#\\\/schema\\\/person\\\/cd1ad7c3caf5ee645d85f5758c7bf136\",\"name\":\"Margarita\",\"image\":{\"@type\":\"ImageObject\",\"inLanguage\":\"pl-PL\",\"@id\":\"https:\\\/\\\/margaritapopolnocy.pl\\\/wp-content\\\/uploads\\\/2020\\\/09\\\/cropped-naglowek7-4.png\",\"url\":\"https:\\\/\\\/margaritapopolnocy.pl\\\/wp-content\\\/uploads\\\/2020\\\/09\\\/cropped-naglowek7-4.png\",\"contentUrl\":\"https:\\\/\\\/margaritapopolnocy.pl\\\/wp-content\\\/uploads\\\/2020\\\/09\\\/cropped-naglowek7-4.png\",\"width\":668,\"height\":403,\"caption\":\"Margarita\"},\"logo\":{\"@id\":\"https:\\\/\\\/margaritapopolnocy.pl\\\/wp-content\\\/uploads\\\/2020\\\/09\\\/cropped-naglowek7-4.png\"},\"sameAs\":[\"https:\\\/\\\/margaritapopolnocy.pl\\\/\",\"https:\\\/\\\/www.facebook.com\\\/margaritapopolnocy\",\"https:\\\/\\\/www.instagram.com\\\/margarita_popolnocy\\\/\"]},{\"@type\":\"Person\",\"@id\":\"https:\\\/\\\/margaritapopolnocy.pl\\\/#\\\/schema\\\/person\\\/32aab65402d32695b32cf95c8b03ce20\",\"name\":\"Margarita\",\"image\":{\"@type\":\"ImageObject\",\"inLanguage\":\"pl-PL\",\"@id\":\"https:\\\/\\\/secure.gravatar.com\\\/avatar\\\/?s=96&d=mm&r=g\",\"url\":\"https:\\\/\\\/secure.gravatar.com\\\/avatar\\\/?s=96&d=mm&r=g\",\"contentUrl\":\"https:\\\/\\\/secure.gravatar.com\\\/avatar\\\/?s=96&d=mm&r=g\",\"caption\":\"Margarita\"},\"url\":\"https:\\\/\\\/margaritapopolnocy.pl\\\/index.php\\\/author\\\/margarita\\\/\"}]}<\/script>\n<!-- \/ Yoast SEO plugin. -->","yoast_head_json":{"title":"Zapiekana zupa cebulowa na bia\u0142ym winie - Margarita po p\u00f3\u0142nocy","robots":{"index":"index","follow":"follow","max-snippet":"max-snippet:-1","max-image-preview":"max-image-preview:large","max-video-preview":"max-video-preview:-1"},"canonical":"https:\/\/margaritapopolnocy.pl\/index.php\/2015\/12\/10\/zapiekana-zupa-cebulowa-na-bialym-winie\/","og_locale":"pl_PL","og_type":"article","og_title":"Zapiekana zupa cebulowa na bia\u0142ym winie - Margarita po p\u00f3\u0142nocy","og_description":"Przepis jak\u017ce klasyczny i prosty, a kiedy\u015b zaskakuj\u0105co odmieni\u0142 m\u00f3j spos\u00f3b postrzegania zup. Danie, za kt\u00f3rym zbytnio nie przepadam nabra\u0142o innych barw! Co prawda, oczywistym jest fakt, \u017ce stan\u0119 si\u0119 fank\u0105 praktycznie ka\u017cdej potrawy, kt\u00f3ra w sk\u0142adzie ma grzanki i du\u017c\u0105 ilo\u015b\u0107 sera&#8230; Jednak ta propozycja sta\u0142a si\u0119 moim numerem jeden w\u015br\u00f3d zup.","og_url":"https:\/\/margaritapopolnocy.pl\/index.php\/2015\/12\/10\/zapiekana-zupa-cebulowa-na-bialym-winie\/","og_site_name":"Margarita po p\u00f3\u0142nocy","article_publisher":"https:\/\/www.facebook.com\/margaritapopolnocy","article_published_time":"2015-12-10T19:50:00+00:00","article_modified_time":"2020-09-04T10:50:54+00:00","og_image":[{"width":593,"height":600,"url":"https:\/\/margaritapopolnocy.pl\/wp-content\/uploads\/2015\/12\/4.jpg","type":"image\/jpeg"}],"author":"Margarita","twitter_card":"summary_large_image","twitter_misc":{"Napisane przez":"Margarita","Szacowany czas czytania":"1 minuta"},"schema":{"@context":"https:\/\/schema.org","@graph":[{"@type":"Article","@id":"https:\/\/margaritapopolnocy.pl\/index.php\/2015\/12\/10\/zapiekana-zupa-cebulowa-na-bialym-winie\/#article","isPartOf":{"@id":"https:\/\/margaritapopolnocy.pl\/index.php\/2015\/12\/10\/zapiekana-zupa-cebulowa-na-bialym-winie\/"},"author":{"name":"Margarita","@id":"https:\/\/margaritapopolnocy.pl\/#\/schema\/person\/32aab65402d32695b32cf95c8b03ce20"},"headline":"Zapiekana zupa cebulowa na bia\u0142ym winie","datePublished":"2015-12-10T19:50:00+00:00","dateModified":"2020-09-04T10:50:54+00:00","mainEntityOfPage":{"@id":"https:\/\/margaritapopolnocy.pl\/index.php\/2015\/12\/10\/zapiekana-zupa-cebulowa-na-bialym-winie\/"},"wordCount":210,"commentCount":2,"publisher":{"@id":"https:\/\/margaritapopolnocy.pl\/#\/schema\/person\/cd1ad7c3caf5ee645d85f5758c7bf136"},"image":{"@id":"https:\/\/margaritapopolnocy.pl\/index.php\/2015\/12\/10\/zapiekana-zupa-cebulowa-na-bialym-winie\/#primaryimage"},"thumbnailUrl":"https:\/\/margaritapopolnocy.pl\/wp-content\/uploads\/2015\/12\/4.jpg","articleSection":["Przepisy","W kuchni"],"inLanguage":"pl-PL","potentialAction":[{"@type":"CommentAction","name":"Comment","target":["https:\/\/margaritapopolnocy.pl\/index.php\/2015\/12\/10\/zapiekana-zupa-cebulowa-na-bialym-winie\/#respond"]}]},{"@type":"WebPage","@id":"https:\/\/margaritapopolnocy.pl\/index.php\/2015\/12\/10\/zapiekana-zupa-cebulowa-na-bialym-winie\/","url":"https:\/\/margaritapopolnocy.pl\/index.php\/2015\/12\/10\/zapiekana-zupa-cebulowa-na-bialym-winie\/","name":"Zapiekana zupa cebulowa na bia\u0142ym winie - Margarita po p\u00f3\u0142nocy","isPartOf":{"@id":"https:\/\/margaritapopolnocy.pl\/#website"},"primaryImageOfPage":{"@id":"https:\/\/margaritapopolnocy.pl\/index.php\/2015\/12\/10\/zapiekana-zupa-cebulowa-na-bialym-winie\/#primaryimage"},"image":{"@id":"https:\/\/margaritapopolnocy.pl\/index.php\/2015\/12\/10\/zapiekana-zupa-cebulowa-na-bialym-winie\/#primaryimage"},"thumbnailUrl":"https:\/\/margaritapopolnocy.pl\/wp-content\/uploads\/2015\/12\/4.jpg","datePublished":"2015-12-10T19:50:00+00:00","dateModified":"2020-09-04T10:50:54+00:00","breadcrumb":{"@id":"https:\/\/margaritapopolnocy.pl\/index.php\/2015\/12\/10\/zapiekana-zupa-cebulowa-na-bialym-winie\/#breadcrumb"},"inLanguage":"pl-PL","potentialAction":[{"@type":"ReadAction","target":["https:\/\/margaritapopolnocy.pl\/index.php\/2015\/12\/10\/zapiekana-zupa-cebulowa-na-bialym-winie\/"]}]},{"@type":"ImageObject","inLanguage":"pl-PL","@id":"https:\/\/margaritapopolnocy.pl\/index.php\/2015\/12\/10\/zapiekana-zupa-cebulowa-na-bialym-winie\/#primaryimage","url":"https:\/\/margaritapopolnocy.pl\/wp-content\/uploads\/2015\/12\/4.jpg","contentUrl":"https:\/\/margaritapopolnocy.pl\/wp-content\/uploads\/2015\/12\/4.jpg","width":593,"height":600},{"@type":"BreadcrumbList","@id":"https:\/\/margaritapopolnocy.pl\/index.php\/2015\/12\/10\/zapiekana-zupa-cebulowa-na-bialym-winie\/#breadcrumb","itemListElement":[{"@type":"ListItem","position":1,"name":"Strona g\u0142\u00f3wna","item":"https:\/\/margaritapopolnocy.pl\/"},{"@type":"ListItem","position":2,"name":"Zapiekana zupa cebulowa na bia\u0142ym winie"}]},{"@type":"WebSite","@id":"https:\/\/margaritapopolnocy.pl\/#website","url":"https:\/\/margaritapopolnocy.pl\/","name":"Margarita po p\u00f3\u0142nocy","description":"Jedzenie w kulturze i kultura w jedzeniu","publisher":{"@id":"https:\/\/margaritapopolnocy.pl\/#\/schema\/person\/cd1ad7c3caf5ee645d85f5758c7bf136"},"potentialAction":[{"@type":"SearchAction","target":{"@type":"EntryPoint","urlTemplate":"https:\/\/margaritapopolnocy.pl\/?s={search_term_string}"},"query-input":{"@type":"PropertyValueSpecification","valueRequired":true,"valueName":"search_term_string"}}],"inLanguage":"pl-PL"},{"@type":["Person","Organization"],"@id":"https:\/\/margaritapopolnocy.pl\/#\/schema\/person\/cd1ad7c3caf5ee645d85f5758c7bf136","name":"Margarita","image":{"@type":"ImageObject","inLanguage":"pl-PL","@id":"https:\/\/margaritapopolnocy.pl\/wp-content\/uploads\/2020\/09\/cropped-naglowek7-4.png","url":"https:\/\/margaritapopolnocy.pl\/wp-content\/uploads\/2020\/09\/cropped-naglowek7-4.png","contentUrl":"https:\/\/margaritapopolnocy.pl\/wp-content\/uploads\/2020\/09\/cropped-naglowek7-4.png","width":668,"height":403,"caption":"Margarita"},"logo":{"@id":"https:\/\/margaritapopolnocy.pl\/wp-content\/uploads\/2020\/09\/cropped-naglowek7-4.png"},"sameAs":["https:\/\/margaritapopolnocy.pl\/","https:\/\/www.facebook.com\/margaritapopolnocy","https:\/\/www.instagram.com\/margarita_popolnocy\/"]},{"@type":"Person","@id":"https:\/\/margaritapopolnocy.pl\/#\/schema\/person\/32aab65402d32695b32cf95c8b03ce20","name":"Margarita","image":{"@type":"ImageObject","inLanguage":"pl-PL","@id":"https:\/\/secure.gravatar.com\/avatar\/?s=96&d=mm&r=g","url":"https:\/\/secure.gravatar.com\/avatar\/?s=96&d=mm&r=g","contentUrl":"https:\/\/secure.gravatar.com\/avatar\/?s=96&d=mm&r=g","caption":"Margarita"},"url":"https:\/\/margaritapopolnocy.pl\/index.php\/author\/margarita\/"}]}},"_links":{"self":[{"href":"https:\/\/margaritapopolnocy.pl\/index.php\/wp-json\/wp\/v2\/posts\/251","targetHints":{"allow":["GET"]}}],"collection":[{"href":"https:\/\/margaritapopolnocy.pl\/index.php\/wp-json\/wp\/v2\/posts"}],"about":[{"href":"https:\/\/margaritapopolnocy.pl\/index.php\/wp-json\/wp\/v2\/types\/post"}],"author":[{"embeddable":true,"href":"https:\/\/margaritapopolnocy.pl\/index.php\/wp-json\/wp\/v2\/users\/4"}],"replies":[{"embeddable":true,"href":"https:\/\/margaritapopolnocy.pl\/index.php\/wp-json\/wp\/v2\/comments?post=251"}],"version-history":[{"count":2,"href":"https:\/\/margaritapopolnocy.pl\/index.php\/wp-json\/wp\/v2\/posts\/251\/revisions"}],"predecessor-version":[{"id":525,"href":"https:\/\/margaritapopolnocy.pl\/index.php\/wp-json\/wp\/v2\/posts\/251\/revisions\/525"}],"wp:featuredmedia":[{"embeddable":true,"href":"https:\/\/margaritapopolnocy.pl\/index.php\/wp-json\/wp\/v2\/media\/523"}],"wp:attachment":[{"href":"https:\/\/margaritapopolnocy.pl\/index.php\/wp-json\/wp\/v2\/media?parent=251"}],"wp:term":[{"taxonomy":"category","embeddable":true,"href":"https:\/\/margaritapopolnocy.pl\/index.php\/wp-json\/wp\/v2\/categories?post=251"},{"taxonomy":"post_tag","embeddable":true,"href":"https:\/\/margaritapopolnocy.pl\/index.php\/wp-json\/wp\/v2\/tags?post=251"}],"curies":[{"name":"wp","href":"https:\/\/api.w.org\/{rel}","templated":true}]}}