{"id":257,"date":"2015-09-15T19:48:00","date_gmt":"2015-09-15T17:48:00","guid":{"rendered":"http:\/\/margaritapopolnocy.pl\/index.php\/2015\/09\/15\/tartaletki-jezynowe\/"},"modified":"2020-09-04T12:59:06","modified_gmt":"2020-09-04T10:59:06","slug":"tartaletki-jezynowe","status":"publish","type":"post","link":"https:\/\/margaritapopolnocy.pl\/index.php\/2015\/09\/15\/tartaletki-jezynowe\/","title":{"rendered":"Tartaletki je\u017cynowe"},"content":{"rendered":"<div style=\"clear: both; text-align: justify;\">Tartaletki, kruche babeczki &#8211; to takie ma\u0142e kawa\u0142eczki szcz\u0119\u015bcia. Z racji tego, \u017ce niewielkie rzeczy s\u0105 po prostu urocze, nazwanie ich mini-tartami jest jak najbardziej na miejscu. Ciasto tartaletek spe\u0142nia wszelkie wymogi dobrego spodu &#8211; jest kruche, s\u0142odkie i mi\u0119kkie, a jednocze\u015bnie na tyle stabilne, by utrzyma\u0107 wag\u0119 nadzienia. S\u0142odka masa \u015bmietanowa idealnie r\u00f3wnowa\u017cy kwaskowato\u015b\u0107 je\u017cyn, nie pozbawiaj\u0105c ich charakteru.<\/div>\n<div><\/div>\n<p><!--more--><\/p>\n<div><\/div>\n<div style=\"clear: both; text-align: justify;\">Mi\u0142o patrzy si\u0119 na ciemne owoce wychylaj\u0105ce si\u0119 z jasnego otoczenia. W trakcie pieczenia je\u017cyny zaczynaj\u0105 wygl\u0105da\u0107 nieco inaczej. Puszczaj\u0105 sok, staj\u0105 si\u0119 nieco bardziej drapie\u017cne &#8211; jednak tego mo\u017cna si\u0119 spodziewa\u0107 po owocach, kt\u00f3rych pr\u00f3by zerwania ko\u0144cz\u0105 si\u0119 co najmniej podrapanymi d\u0142o\u0144mi. R\u00f3wnie cz\u0119sto ko\u0144czymy z potarganymi ubraniami i dowodami \u0142akomstwa &#8211; intensywnymi plamami na ustach i j\u0119zyku.<\/div>\n<div style=\"clear: both; text-align: justify;\"><\/div>\n<div style=\"clear: both; text-align: justify;\">W je\u017cynach niew\u0105tpliwie jest co\u015b tajemniczego &#8211; by\u0107 mo\u017ce z powodu g\u0142\u0119bokiego, mrocznego koloru lub te\u017c dzi\u0119ki otoczeniu k\u0142uj\u0105cych g\u0105szczy. Motyw je\u017cyn pojawia si\u0119 w sztuce i folklorze, co pokazuje, \u017ce od zawsze intrygowa\u0142y swoj\u0105 tajemniczo\u015bci\u0105. W symbolice chrze\u015bcija\u0144skiej g\u0142\u0119boki kolor reprezentuje krew Chrystusa. Popularne jest tak\u017ce stwierdzenie, \u017ce to w\u0142a\u015bnie z tych krzew\u00f3w wykonana zosta\u0142a korona cierniowa. Owoce te sta\u0142y si\u0119 tak\u017ce elementem legendy &#8211; wed\u0142ug niej kiedy\u015b by\u0142y one czerwone i pi\u0119kne, lecz zosta\u0142y przekl\u0119te przez Lucyfera, kt\u00f3ry trafi\u0142 w nie, gdy zosta\u0142 str\u0105cony z nieba.<\/div>\n<div style=\"clear: both; text-align: justify;\">Symbolizuj\u0105 zar\u00f3wno b\u00f3l i cierpienie, jak \u00a0przestrzegaj\u0105 nas przed po\u015bpiechem &#8211; jak w historii, w kt\u00f3rej m\u0119\u017cczyzna chc\u0105cy zerwa\u0107 owoce wpada w krzewy i traci wzrok, jednak po wyj\u015bciu z nich odzyskuje go. W wierzeniach je\u017cyny posadzone blisko domu stanowi\u0105 ochron\u0119 przed wampirami i z\u0142ymi duchami &#8211; istoty te mia\u0142y liczy\u0107 owoce i zapomina\u0107 o wej\u015bciu.<\/div>\n<div style=\"clear: both; text-align: justify;\">Je\u017cyny pojawiaj\u0105 si\u0119 w wielu kulturach &#8211; zainteresowanym polecam <a href=\"http:\/\/www.fruit.cornell.edu\/berry\/production\/pdfs\/berryfolklore.pdf\" target=\"_blank\" rel=\"noopener\"><span style=\"color: #c27ba0;\">ten artyku\u0142<\/span><\/a>, pe\u0142en informacji dotycz\u0105cych postrzegania tych owoc\u00f3w przez r\u00f3\u017cne grupy.<\/div>\n<div style=\"clear: both; text-align: justify;\"><\/div>\n<div style=\"clear: both; text-align: justify;\">Mam nadziej\u0119, \u017ce ten opis nie zniech\u0119ci\u0142 Was do wypr\u00f3bowania przepisu. My\u015bl\u0119, \u017ce wr\u0119cz przeciwnie &#8211; zach\u0119ci\u0142 do odkrycia pi\u0119kna tych owoc\u00f3w.<\/div>\n<div style=\"clear: both; text-align: left;\"><\/div>\n<div style=\"clear: both; text-align: center;\"><img loading=\"lazy\" decoding=\"async\" title=\"Tartaletki je\u017cynowe\" src=\"https:\/\/4.bp.blogspot.com\/-yvXTjiMPh3w\/VfgWlD9xhwI\/AAAAAAAABC8\/p3gKLZYXtfY\/s640\/1.jpg\" alt=\"\" width=\"640\" height=\"478\" border=\"0\" \/><\/div>\n<div style=\"text-align: justify;\"><b><span style=\"color: #c27ba0;\">Sk\u0142adniki:<\/span><\/b><\/div>\n<div style=\"text-align: justify;\"><i><span style=\"color: #c27ba0;\">15 tartaletek<\/span><\/i><\/div>\n<div style=\"text-align: justify;\"><i><span style=\"color: #c27ba0;\">\u00a0<\/span><\/i><\/div>\n<div style=\"text-align: justify;\"><span style=\"color: #c27ba0;\">Ciasto:<\/span><\/div>\n<div style=\"text-align: justify;\"><span style=\"color: #c27ba0;\">25 dag m\u0105ki<\/span><\/div>\n<div style=\"text-align: justify;\"><span style=\"color: #c27ba0;\">p\u00f3\u0142 kostki mas\u0142a<\/span><\/div>\n<div style=\"text-align: justify;\"><span style=\"color: #c27ba0;\">1\/3 szklanki cukru<\/span><\/div>\n<div style=\"text-align: justify;\"><span style=\"color: #c27ba0;\">10 g cukru waniliowego<\/span><\/div>\n<div style=\"text-align: justify;\"><span style=\"color: #c27ba0;\">1 jajko<\/span><\/div>\n<div style=\"text-align: justify;\"><span style=\"color: #c27ba0;\">1 \u0142y\u017ceczka proszku do pieczenia<\/span><\/div>\n<div style=\"text-align: justify;\"><span style=\"color: #c27ba0;\">\u00a0<\/span><\/div>\n<div style=\"text-align: justify;\"><span style=\"color: #c27ba0;\">Nadzienie:<\/span><\/div>\n<div style=\"text-align: justify;\"><span style=\"color: #c27ba0;\">oko\u0142o szklanki je\u017cyn<\/span><\/div>\n<div style=\"text-align: justify;\"><span style=\"color: #c27ba0;\">2 jajka<\/span><\/div>\n<div style=\"text-align: justify;\"><span style=\"color: #c27ba0;\">szklanka \u015bmietany<\/span><\/div>\n<div style=\"text-align: justify;\"><span style=\"color: #c27ba0;\">1\/3 szklanki cukru<\/span><\/div>\n<div style=\"text-align: justify;\"><span style=\"color: #c27ba0;\">odrobina cynamonu<\/span><\/div>\n<div style=\"text-align: justify;\"><span style=\"color: #c27ba0;\">\u00a0<\/span><\/div>\n<div style=\"text-align: justify;\"><b><span style=\"color: #c27ba0;\">Przygotowanie:<\/span><\/b><\/div>\n<div style=\"text-align: justify;\"><span style=\"color: #c27ba0;\">Mas\u0142o ucieramy z cukrem i jajkiem. Dodajemy m\u0105k\u0119, proszek do pieczenia i zagniatamy ciasto. Wk\u0142adamy do lod\u00f3wki.<\/span><\/div>\n<div style=\"text-align: justify;\"><span style=\"color: #c27ba0;\">Je\u017cyny myjemy i osuszamy. Jajka miksujemy ze \u015bmietan\u0105, cukrem oraz cynamonem.<\/span><\/div>\n<div style=\"text-align: justify;\"><span style=\"color: #c27ba0;\">Foremki smarujemy mas\u0142em. Ciasto rozwa\u0142kowujemy i wykrawamy kr\u0105\u017cki odpowiednie do naszych foremek, wyk\u0142adamy blaszki. Wstawiamy do piekarnika nagrzanego do 190 stopni na 10 minut. Wst\u0119pnie podpieczone wyjmujemy, nak\u0142adamy mas\u0119, dodajemy po kilka je\u017cyn na ka\u017cd\u0105 tartaletk\u0119. Wstawiamy zn\u00f3w do piekarnika i zapiekamy ca\u0142o\u015b\u0107 jeszcze 20 minut.<\/span><\/div>\n<div style=\"text-align: center;\"><\/div>\n<div style=\"clear: both; text-align: center;\"><img decoding=\"async\" title=\"Tartaletki je\u017cynowe\" src=\"https:\/\/4.bp.blogspot.com\/-1o9hh6v6f20\/VfgWlIHKdeI\/AAAAAAAABDA\/ShzG3ORbHHk\/s1600\/2.jpg\" alt=\"\" border=\"0\" \/><\/div>\n<div style=\"clear: both; text-align: center;\"><img decoding=\"async\" title=\"Tartaletki je\u017cynowe\" src=\"https:\/\/3.bp.blogspot.com\/-GHZVF3EJA5Q\/VfgWk2jTS0I\/AAAAAAAABC4\/rxdDZFC_jmg\/s1600\/4.jpg\" alt=\"\" border=\"0\" \/><\/div>\n","protected":false},"excerpt":{"rendered":"<p>Tartaletki, kruche babeczki &#8211; to takie ma\u0142e kawa\u0142eczki szcz\u0119\u015bcia. Z racji tego, \u017ce niewielkie rzeczy s\u0105 po prostu urocze, nazwanie ich mini-tartami jest jak najbardziej na miejscu. Ciasto tartaletek spe\u0142nia wszelkie wymogi dobrego spodu &#8211; jest kruche, s\u0142odkie i mi\u0119kkie, a jednocze\u015bnie na tyle stabilne, by utrzyma\u0107 wag\u0119 nadzienia. S\u0142odka masa \u015bmietanowa idealnie r\u00f3wnowa\u017cy kwaskowato\u015b\u0107 je\u017cyn, nie pozbawiaj\u0105c ich charakteru.<\/p>\n","protected":false},"author":4,"featured_media":540,"comment_status":"open","ping_status":"open","sticky":false,"template":"","format":"standard","meta":{"_editorskit_title_hidden":false,"_editorskit_reading_time":0,"_editorskit_is_block_options_detached":false,"_editorskit_block_options_position":"{}","footnotes":""},"categories":[13,6],"tags":[150],"class_list":["post-257","post","type-post","status-publish","format-standard","has-post-thumbnail","hentry","category-przepisy","category-w-kuchni","tag-jezyny"],"yoast_head":"<!-- This site is optimized with the Yoast SEO plugin v27.5 - https:\/\/yoast.com\/product\/yoast-seo-wordpress\/ -->\n<title>Tartaletki je\u017cynowe - Margarita po p\u00f3\u0142nocy<\/title>\n<meta name=\"robots\" content=\"index, follow, max-snippet:-1, max-image-preview:large, max-video-preview:-1\" \/>\n<link rel=\"canonical\" href=\"https:\/\/margaritapopolnocy.pl\/index.php\/2015\/09\/15\/tartaletki-jezynowe\/\" \/>\n<meta property=\"og:locale\" content=\"pl_PL\" \/>\n<meta property=\"og:type\" content=\"article\" \/>\n<meta property=\"og:title\" content=\"Tartaletki je\u017cynowe - Margarita po p\u00f3\u0142nocy\" \/>\n<meta property=\"og:description\" content=\"Tartaletki, kruche babeczki &#8211; to takie ma\u0142e kawa\u0142eczki szcz\u0119\u015bcia. Z racji tego, \u017ce niewielkie rzeczy s\u0105 po prostu urocze, nazwanie ich mini-tartami jest jak najbardziej na miejscu. Ciasto tartaletek spe\u0142nia wszelkie wymogi dobrego spodu &#8211; jest kruche, s\u0142odkie i mi\u0119kkie, a jednocze\u015bnie na tyle stabilne, by utrzyma\u0107 wag\u0119 nadzienia. S\u0142odka masa \u015bmietanowa idealnie r\u00f3wnowa\u017cy kwaskowato\u015b\u0107 je\u017cyn, nie pozbawiaj\u0105c ich charakteru.\" \/>\n<meta property=\"og:url\" content=\"https:\/\/margaritapopolnocy.pl\/index.php\/2015\/09\/15\/tartaletki-jezynowe\/\" \/>\n<meta property=\"og:site_name\" content=\"Margarita po p\u00f3\u0142nocy\" \/>\n<meta property=\"article:publisher\" content=\"https:\/\/www.facebook.com\/margaritapopolnocy\" \/>\n<meta property=\"article:published_time\" content=\"2015-09-15T17:48:00+00:00\" \/>\n<meta property=\"article:modified_time\" content=\"2020-09-04T10:59:06+00:00\" \/>\n<meta property=\"og:image\" content=\"https:\/\/margaritapopolnocy.pl\/wp-content\/uploads\/2015\/09\/1-3.jpg\" \/>\n\t<meta property=\"og:image:width\" content=\"640\" \/>\n\t<meta property=\"og:image:height\" content=\"478\" \/>\n\t<meta property=\"og:image:type\" content=\"image\/jpeg\" \/>\n<meta name=\"author\" content=\"Margarita\" \/>\n<meta name=\"twitter:card\" content=\"summary_large_image\" \/>\n<meta name=\"twitter:label1\" content=\"Napisane przez\" \/>\n\t<meta name=\"twitter:data1\" content=\"Margarita\" \/>\n\t<meta name=\"twitter:label2\" content=\"Szacowany czas czytania\" \/>\n\t<meta name=\"twitter:data2\" content=\"3 minuty\" \/>\n<script type=\"application\/ld+json\" class=\"yoast-schema-graph\">{\"@context\":\"https:\\\/\\\/schema.org\",\"@graph\":[{\"@type\":\"Article\",\"@id\":\"https:\\\/\\\/margaritapopolnocy.pl\\\/index.php\\\/2015\\\/09\\\/15\\\/tartaletki-jezynowe\\\/#article\",\"isPartOf\":{\"@id\":\"https:\\\/\\\/margaritapopolnocy.pl\\\/index.php\\\/2015\\\/09\\\/15\\\/tartaletki-jezynowe\\\/\"},\"author\":{\"name\":\"Margarita\",\"@id\":\"https:\\\/\\\/margaritapopolnocy.pl\\\/#\\\/schema\\\/person\\\/32aab65402d32695b32cf95c8b03ce20\"},\"headline\":\"Tartaletki je\u017cynowe\",\"datePublished\":\"2015-09-15T17:48:00+00:00\",\"dateModified\":\"2020-09-04T10:59:06+00:00\",\"mainEntityOfPage\":{\"@id\":\"https:\\\/\\\/margaritapopolnocy.pl\\\/index.php\\\/2015\\\/09\\\/15\\\/tartaletki-jezynowe\\\/\"},\"wordCount\":508,\"commentCount\":6,\"publisher\":{\"@id\":\"https:\\\/\\\/margaritapopolnocy.pl\\\/#\\\/schema\\\/person\\\/cd1ad7c3caf5ee645d85f5758c7bf136\"},\"image\":{\"@id\":\"https:\\\/\\\/margaritapopolnocy.pl\\\/index.php\\\/2015\\\/09\\\/15\\\/tartaletki-jezynowe\\\/#primaryimage\"},\"thumbnailUrl\":\"https:\\\/\\\/margaritapopolnocy.pl\\\/wp-content\\\/uploads\\\/2015\\\/09\\\/1-3.jpg\",\"keywords\":[\"je\u017cyny\"],\"articleSection\":[\"Przepisy\",\"W kuchni\"],\"inLanguage\":\"pl-PL\",\"potentialAction\":[{\"@type\":\"CommentAction\",\"name\":\"Comment\",\"target\":[\"https:\\\/\\\/margaritapopolnocy.pl\\\/index.php\\\/2015\\\/09\\\/15\\\/tartaletki-jezynowe\\\/#respond\"]}]},{\"@type\":\"WebPage\",\"@id\":\"https:\\\/\\\/margaritapopolnocy.pl\\\/index.php\\\/2015\\\/09\\\/15\\\/tartaletki-jezynowe\\\/\",\"url\":\"https:\\\/\\\/margaritapopolnocy.pl\\\/index.php\\\/2015\\\/09\\\/15\\\/tartaletki-jezynowe\\\/\",\"name\":\"Tartaletki je\u017cynowe - Margarita po p\u00f3\u0142nocy\",\"isPartOf\":{\"@id\":\"https:\\\/\\\/margaritapopolnocy.pl\\\/#website\"},\"primaryImageOfPage\":{\"@id\":\"https:\\\/\\\/margaritapopolnocy.pl\\\/index.php\\\/2015\\\/09\\\/15\\\/tartaletki-jezynowe\\\/#primaryimage\"},\"image\":{\"@id\":\"https:\\\/\\\/margaritapopolnocy.pl\\\/index.php\\\/2015\\\/09\\\/15\\\/tartaletki-jezynowe\\\/#primaryimage\"},\"thumbnailUrl\":\"https:\\\/\\\/margaritapopolnocy.pl\\\/wp-content\\\/uploads\\\/2015\\\/09\\\/1-3.jpg\",\"datePublished\":\"2015-09-15T17:48:00+00:00\",\"dateModified\":\"2020-09-04T10:59:06+00:00\",\"breadcrumb\":{\"@id\":\"https:\\\/\\\/margaritapopolnocy.pl\\\/index.php\\\/2015\\\/09\\\/15\\\/tartaletki-jezynowe\\\/#breadcrumb\"},\"inLanguage\":\"pl-PL\",\"potentialAction\":[{\"@type\":\"ReadAction\",\"target\":[\"https:\\\/\\\/margaritapopolnocy.pl\\\/index.php\\\/2015\\\/09\\\/15\\\/tartaletki-jezynowe\\\/\"]}]},{\"@type\":\"ImageObject\",\"inLanguage\":\"pl-PL\",\"@id\":\"https:\\\/\\\/margaritapopolnocy.pl\\\/index.php\\\/2015\\\/09\\\/15\\\/tartaletki-jezynowe\\\/#primaryimage\",\"url\":\"https:\\\/\\\/margaritapopolnocy.pl\\\/wp-content\\\/uploads\\\/2015\\\/09\\\/1-3.jpg\",\"contentUrl\":\"https:\\\/\\\/margaritapopolnocy.pl\\\/wp-content\\\/uploads\\\/2015\\\/09\\\/1-3.jpg\",\"width\":640,\"height\":478},{\"@type\":\"BreadcrumbList\",\"@id\":\"https:\\\/\\\/margaritapopolnocy.pl\\\/index.php\\\/2015\\\/09\\\/15\\\/tartaletki-jezynowe\\\/#breadcrumb\",\"itemListElement\":[{\"@type\":\"ListItem\",\"position\":1,\"name\":\"Strona g\u0142\u00f3wna\",\"item\":\"https:\\\/\\\/margaritapopolnocy.pl\\\/\"},{\"@type\":\"ListItem\",\"position\":2,\"name\":\"Tartaletki je\u017cynowe\"}]},{\"@type\":\"WebSite\",\"@id\":\"https:\\\/\\\/margaritapopolnocy.pl\\\/#website\",\"url\":\"https:\\\/\\\/margaritapopolnocy.pl\\\/\",\"name\":\"Margarita po p\u00f3\u0142nocy\",\"description\":\"Jedzenie w kulturze i kultura w jedzeniu\",\"publisher\":{\"@id\":\"https:\\\/\\\/margaritapopolnocy.pl\\\/#\\\/schema\\\/person\\\/cd1ad7c3caf5ee645d85f5758c7bf136\"},\"potentialAction\":[{\"@type\":\"SearchAction\",\"target\":{\"@type\":\"EntryPoint\",\"urlTemplate\":\"https:\\\/\\\/margaritapopolnocy.pl\\\/?s={search_term_string}\"},\"query-input\":{\"@type\":\"PropertyValueSpecification\",\"valueRequired\":true,\"valueName\":\"search_term_string\"}}],\"inLanguage\":\"pl-PL\"},{\"@type\":[\"Person\",\"Organization\"],\"@id\":\"https:\\\/\\\/margaritapopolnocy.pl\\\/#\\\/schema\\\/person\\\/cd1ad7c3caf5ee645d85f5758c7bf136\",\"name\":\"Margarita\",\"image\":{\"@type\":\"ImageObject\",\"inLanguage\":\"pl-PL\",\"@id\":\"https:\\\/\\\/margaritapopolnocy.pl\\\/wp-content\\\/uploads\\\/2020\\\/09\\\/cropped-naglowek7-4.png\",\"url\":\"https:\\\/\\\/margaritapopolnocy.pl\\\/wp-content\\\/uploads\\\/2020\\\/09\\\/cropped-naglowek7-4.png\",\"contentUrl\":\"https:\\\/\\\/margaritapopolnocy.pl\\\/wp-content\\\/uploads\\\/2020\\\/09\\\/cropped-naglowek7-4.png\",\"width\":668,\"height\":403,\"caption\":\"Margarita\"},\"logo\":{\"@id\":\"https:\\\/\\\/margaritapopolnocy.pl\\\/wp-content\\\/uploads\\\/2020\\\/09\\\/cropped-naglowek7-4.png\"},\"sameAs\":[\"https:\\\/\\\/margaritapopolnocy.pl\\\/\",\"https:\\\/\\\/www.facebook.com\\\/margaritapopolnocy\",\"https:\\\/\\\/www.instagram.com\\\/margarita_popolnocy\\\/\"]},{\"@type\":\"Person\",\"@id\":\"https:\\\/\\\/margaritapopolnocy.pl\\\/#\\\/schema\\\/person\\\/32aab65402d32695b32cf95c8b03ce20\",\"name\":\"Margarita\",\"image\":{\"@type\":\"ImageObject\",\"inLanguage\":\"pl-PL\",\"@id\":\"https:\\\/\\\/secure.gravatar.com\\\/avatar\\\/?s=96&d=mm&r=g\",\"url\":\"https:\\\/\\\/secure.gravatar.com\\\/avatar\\\/?s=96&d=mm&r=g\",\"contentUrl\":\"https:\\\/\\\/secure.gravatar.com\\\/avatar\\\/?s=96&d=mm&r=g\",\"caption\":\"Margarita\"},\"url\":\"https:\\\/\\\/margaritapopolnocy.pl\\\/index.php\\\/author\\\/margarita\\\/\"}]}<\/script>\n<!-- \/ Yoast SEO plugin. -->","yoast_head_json":{"title":"Tartaletki je\u017cynowe - Margarita po p\u00f3\u0142nocy","robots":{"index":"index","follow":"follow","max-snippet":"max-snippet:-1","max-image-preview":"max-image-preview:large","max-video-preview":"max-video-preview:-1"},"canonical":"https:\/\/margaritapopolnocy.pl\/index.php\/2015\/09\/15\/tartaletki-jezynowe\/","og_locale":"pl_PL","og_type":"article","og_title":"Tartaletki je\u017cynowe - Margarita po p\u00f3\u0142nocy","og_description":"Tartaletki, kruche babeczki &#8211; to takie ma\u0142e kawa\u0142eczki szcz\u0119\u015bcia. Z racji tego, \u017ce niewielkie rzeczy s\u0105 po prostu urocze, nazwanie ich mini-tartami jest jak najbardziej na miejscu. Ciasto tartaletek spe\u0142nia wszelkie wymogi dobrego spodu &#8211; jest kruche, s\u0142odkie i mi\u0119kkie, a jednocze\u015bnie na tyle stabilne, by utrzyma\u0107 wag\u0119 nadzienia. S\u0142odka masa \u015bmietanowa idealnie r\u00f3wnowa\u017cy kwaskowato\u015b\u0107 je\u017cyn, nie pozbawiaj\u0105c ich charakteru.","og_url":"https:\/\/margaritapopolnocy.pl\/index.php\/2015\/09\/15\/tartaletki-jezynowe\/","og_site_name":"Margarita po p\u00f3\u0142nocy","article_publisher":"https:\/\/www.facebook.com\/margaritapopolnocy","article_published_time":"2015-09-15T17:48:00+00:00","article_modified_time":"2020-09-04T10:59:06+00:00","og_image":[{"width":640,"height":478,"url":"https:\/\/margaritapopolnocy.pl\/wp-content\/uploads\/2015\/09\/1-3.jpg","type":"image\/jpeg"}],"author":"Margarita","twitter_card":"summary_large_image","twitter_misc":{"Napisane przez":"Margarita","Szacowany czas czytania":"3 minuty"},"schema":{"@context":"https:\/\/schema.org","@graph":[{"@type":"Article","@id":"https:\/\/margaritapopolnocy.pl\/index.php\/2015\/09\/15\/tartaletki-jezynowe\/#article","isPartOf":{"@id":"https:\/\/margaritapopolnocy.pl\/index.php\/2015\/09\/15\/tartaletki-jezynowe\/"},"author":{"name":"Margarita","@id":"https:\/\/margaritapopolnocy.pl\/#\/schema\/person\/32aab65402d32695b32cf95c8b03ce20"},"headline":"Tartaletki je\u017cynowe","datePublished":"2015-09-15T17:48:00+00:00","dateModified":"2020-09-04T10:59:06+00:00","mainEntityOfPage":{"@id":"https:\/\/margaritapopolnocy.pl\/index.php\/2015\/09\/15\/tartaletki-jezynowe\/"},"wordCount":508,"commentCount":6,"publisher":{"@id":"https:\/\/margaritapopolnocy.pl\/#\/schema\/person\/cd1ad7c3caf5ee645d85f5758c7bf136"},"image":{"@id":"https:\/\/margaritapopolnocy.pl\/index.php\/2015\/09\/15\/tartaletki-jezynowe\/#primaryimage"},"thumbnailUrl":"https:\/\/margaritapopolnocy.pl\/wp-content\/uploads\/2015\/09\/1-3.jpg","keywords":["je\u017cyny"],"articleSection":["Przepisy","W kuchni"],"inLanguage":"pl-PL","potentialAction":[{"@type":"CommentAction","name":"Comment","target":["https:\/\/margaritapopolnocy.pl\/index.php\/2015\/09\/15\/tartaletki-jezynowe\/#respond"]}]},{"@type":"WebPage","@id":"https:\/\/margaritapopolnocy.pl\/index.php\/2015\/09\/15\/tartaletki-jezynowe\/","url":"https:\/\/margaritapopolnocy.pl\/index.php\/2015\/09\/15\/tartaletki-jezynowe\/","name":"Tartaletki je\u017cynowe - Margarita po p\u00f3\u0142nocy","isPartOf":{"@id":"https:\/\/margaritapopolnocy.pl\/#website"},"primaryImageOfPage":{"@id":"https:\/\/margaritapopolnocy.pl\/index.php\/2015\/09\/15\/tartaletki-jezynowe\/#primaryimage"},"image":{"@id":"https:\/\/margaritapopolnocy.pl\/index.php\/2015\/09\/15\/tartaletki-jezynowe\/#primaryimage"},"thumbnailUrl":"https:\/\/margaritapopolnocy.pl\/wp-content\/uploads\/2015\/09\/1-3.jpg","datePublished":"2015-09-15T17:48:00+00:00","dateModified":"2020-09-04T10:59:06+00:00","breadcrumb":{"@id":"https:\/\/margaritapopolnocy.pl\/index.php\/2015\/09\/15\/tartaletki-jezynowe\/#breadcrumb"},"inLanguage":"pl-PL","potentialAction":[{"@type":"ReadAction","target":["https:\/\/margaritapopolnocy.pl\/index.php\/2015\/09\/15\/tartaletki-jezynowe\/"]}]},{"@type":"ImageObject","inLanguage":"pl-PL","@id":"https:\/\/margaritapopolnocy.pl\/index.php\/2015\/09\/15\/tartaletki-jezynowe\/#primaryimage","url":"https:\/\/margaritapopolnocy.pl\/wp-content\/uploads\/2015\/09\/1-3.jpg","contentUrl":"https:\/\/margaritapopolnocy.pl\/wp-content\/uploads\/2015\/09\/1-3.jpg","width":640,"height":478},{"@type":"BreadcrumbList","@id":"https:\/\/margaritapopolnocy.pl\/index.php\/2015\/09\/15\/tartaletki-jezynowe\/#breadcrumb","itemListElement":[{"@type":"ListItem","position":1,"name":"Strona g\u0142\u00f3wna","item":"https:\/\/margaritapopolnocy.pl\/"},{"@type":"ListItem","position":2,"name":"Tartaletki je\u017cynowe"}]},{"@type":"WebSite","@id":"https:\/\/margaritapopolnocy.pl\/#website","url":"https:\/\/margaritapopolnocy.pl\/","name":"Margarita po p\u00f3\u0142nocy","description":"Jedzenie w kulturze i kultura w jedzeniu","publisher":{"@id":"https:\/\/margaritapopolnocy.pl\/#\/schema\/person\/cd1ad7c3caf5ee645d85f5758c7bf136"},"potentialAction":[{"@type":"SearchAction","target":{"@type":"EntryPoint","urlTemplate":"https:\/\/margaritapopolnocy.pl\/?s={search_term_string}"},"query-input":{"@type":"PropertyValueSpecification","valueRequired":true,"valueName":"search_term_string"}}],"inLanguage":"pl-PL"},{"@type":["Person","Organization"],"@id":"https:\/\/margaritapopolnocy.pl\/#\/schema\/person\/cd1ad7c3caf5ee645d85f5758c7bf136","name":"Margarita","image":{"@type":"ImageObject","inLanguage":"pl-PL","@id":"https:\/\/margaritapopolnocy.pl\/wp-content\/uploads\/2020\/09\/cropped-naglowek7-4.png","url":"https:\/\/margaritapopolnocy.pl\/wp-content\/uploads\/2020\/09\/cropped-naglowek7-4.png","contentUrl":"https:\/\/margaritapopolnocy.pl\/wp-content\/uploads\/2020\/09\/cropped-naglowek7-4.png","width":668,"height":403,"caption":"Margarita"},"logo":{"@id":"https:\/\/margaritapopolnocy.pl\/wp-content\/uploads\/2020\/09\/cropped-naglowek7-4.png"},"sameAs":["https:\/\/margaritapopolnocy.pl\/","https:\/\/www.facebook.com\/margaritapopolnocy","https:\/\/www.instagram.com\/margarita_popolnocy\/"]},{"@type":"Person","@id":"https:\/\/margaritapopolnocy.pl\/#\/schema\/person\/32aab65402d32695b32cf95c8b03ce20","name":"Margarita","image":{"@type":"ImageObject","inLanguage":"pl-PL","@id":"https:\/\/secure.gravatar.com\/avatar\/?s=96&d=mm&r=g","url":"https:\/\/secure.gravatar.com\/avatar\/?s=96&d=mm&r=g","contentUrl":"https:\/\/secure.gravatar.com\/avatar\/?s=96&d=mm&r=g","caption":"Margarita"},"url":"https:\/\/margaritapopolnocy.pl\/index.php\/author\/margarita\/"}]}},"_links":{"self":[{"href":"https:\/\/margaritapopolnocy.pl\/index.php\/wp-json\/wp\/v2\/posts\/257","targetHints":{"allow":["GET"]}}],"collection":[{"href":"https:\/\/margaritapopolnocy.pl\/index.php\/wp-json\/wp\/v2\/posts"}],"about":[{"href":"https:\/\/margaritapopolnocy.pl\/index.php\/wp-json\/wp\/v2\/types\/post"}],"author":[{"embeddable":true,"href":"https:\/\/margaritapopolnocy.pl\/index.php\/wp-json\/wp\/v2\/users\/4"}],"replies":[{"embeddable":true,"href":"https:\/\/margaritapopolnocy.pl\/index.php\/wp-json\/wp\/v2\/comments?post=257"}],"version-history":[{"count":2,"href":"https:\/\/margaritapopolnocy.pl\/index.php\/wp-json\/wp\/v2\/posts\/257\/revisions"}],"predecessor-version":[{"id":541,"href":"https:\/\/margaritapopolnocy.pl\/index.php\/wp-json\/wp\/v2\/posts\/257\/revisions\/541"}],"wp:featuredmedia":[{"embeddable":true,"href":"https:\/\/margaritapopolnocy.pl\/index.php\/wp-json\/wp\/v2\/media\/540"}],"wp:attachment":[{"href":"https:\/\/margaritapopolnocy.pl\/index.php\/wp-json\/wp\/v2\/media?parent=257"}],"wp:term":[{"taxonomy":"category","embeddable":true,"href":"https:\/\/margaritapopolnocy.pl\/index.php\/wp-json\/wp\/v2\/categories?post=257"},{"taxonomy":"post_tag","embeddable":true,"href":"https:\/\/margaritapopolnocy.pl\/index.php\/wp-json\/wp\/v2\/tags?post=257"}],"curies":[{"name":"wp","href":"https:\/\/api.w.org\/{rel}","templated":true}]}}